{"id":24224,"date":"2022-11-21T11:35:00","date_gmt":"2022-11-21T10:35:00","guid":{"rendered":"https:\/\/de.mycs.com\/blog\/?p=3603"},"modified":"2022-11-21T15:50:07","modified_gmt":"2022-11-21T14:50:07","slug":"lagom","status":"publish","type":"post","link":"https:\/\/fr.mycs.com\/blog\/lagom\/","title":{"rendered":"Lagom, ou l\u2019art de vivre su\u00e9dois"},"content":{"rendered":"\n<p class=\"has-drop-cap\"><strong>Ni trop peu, ni pas assez<\/strong> : c\u2019est ainsi que l\u2019on pourrait r\u00e9sumer le Lagom. V\u00e9ritable art de vivre en Su\u00e8de, cette approche d\u2019une consommation raisonn\u00e9e et de l\u2019appr\u00e9ciation des plaisirs simples met la mod\u00e9ration \u00e0 l\u2019honneur. Tout comme son cousin danois <a href=\"https:\/\/fr.mycs.com\/blog\/cocooning\/\" target=\"_blank\" aria-label=\"le Hygge (opens in a new tab)\" rel=\"noreferrer noopener\" class=\"ek-link\">le Hygge<\/a> et \u00e9cossais, le C\u00f2sagach, cette philosophie de vie se traduit aussi dans l\u2019am\u00e9nagement int\u00e9rieur.<\/p>\n\n\n\n<h2 class=\"wp-block-heading\">Que signifie \u00ab&nbsp;lagom&nbsp;\u00bb en su\u00e9dois&nbsp;?<\/h2>\n\n\n\n<p><strong>Lagom [\u02c8l\u0251\u02d0\u02cc\u0261\u0254m] est un adverbe su\u00e9dois qui incarne le concept d&#8217;\u00e9quilibre et de mod\u00e9ration. <\/strong>Bien qu&#8217;il n&#8217;y ait pas de traduction pr\u00e9cise, il peut \u00eatre compris comme \u00ab&nbsp;optimal&nbsp;\u00bb, \u00ab&nbsp;juste assez&nbsp;\u00bb ou \u00ab&nbsp;la bonne quantit\u00e9&nbsp;\u00bb. Les Su\u00e9dois utilisent souvent ce terme pour d\u00e9crire une quantit\u00e9, une qualit\u00e9 ou un mode de vie qui n&#8217;est ni excessif ni insuffisant.<\/p>\n\n\n\n<p>L&#8217;essence de cette philosophie va au-del\u00e0 de la simple satisfaction. Il s&#8217;agit d&#8217;une approche r\u00e9fl\u00e9chie visant \u00e0 trouver l&#8217;harmonie et le contentement dans tous les aspects de la vie. Qu&#8217;il s&#8217;agisse de g\u00e9rer l&#8217;\u00e9quilibre entre vie professionnelle et vie priv\u00e9e, d&#8217;appr\u00e9cier les approches durables ou de cr\u00e9er un cadre de vie chaleureux, le lagom encourage les individus \u00e0 opter pour la simplicit\u00e9, la durabilit\u00e9 et un sentiment de bien-\u00eatre collectif.<\/p>\n\n\n\n<h2 class=\"wp-block-heading\">Le Lagom en d\u00e9coration d\u2019int\u00e9rieur<\/h2>\n\n\n\n<p><strong>Le principe de cette tendance d\u00e9co repose sur la retenue. <\/strong>Avec aussi peu de meubles que possible et le minimum de d\u00e9coration n\u00e9cessaire, cette approche permet de cr\u00e9er une ambiance l\u00e9g\u00e8re et d\u00e9contract\u00e9e.<\/p>\n\n\n\n<p>Sans surprise, l\u2019esth\u00e9tique reprend les codes du <a href=\"https:\/\/fr.mycs.com\/blog\/design-scandinave\/\" data-type=\"post\" data-id=\"3661\" target=\"_blank\" rel=\"noreferrer noopener\">design scandinave<\/a>.&nbsp; Les couleurs claires sont dominantes et quelques d\u00e9tails bien choisis viennent apporter du relief. Comme dans tous les int\u00e9rieurs cocooning, les textiles apportent une touche d\u00e9co chaleureuse.<\/p>\n\n\n\n<p><\/p>\n\n\n\n<figure class=\"wp-block-image wp-image-4292 size-full is-style-default\"><img decoding=\"async\" loading=\"lazy\" width=\"873\" height=\"620\" src=\"https:\/\/de.mycs.com\/blog\/wp-content\/uploads\/collage-interieur-lagom.jpg\" alt=\"Collage. \u00c0 gauche : lit et mur de bois; \u00c0 droite : bouquet de fleur dans vase en verre\" class=\"wp-image-4292\"\/><figcaption class=\"wp-element-caption\">Bois chaud, couleurs minimalistes et fleurs fra\u00eeches.<\/figcaption><\/figure>\n\n\n\n<p>Les <a rel=\"noreferrer noopener\" href=\"https:\/\/fr.mycs.com\/blog\/quest-ce-que-la-deco-naturelle\/\" data-type=\"post\" data-id=\"29040\" target=\"_blank\">\u00e9l\u00e9ments naturels<\/a> ne sont pas oubli\u00e9s. Int\u00e9gr\u00e9s avec parcimonie, ceux-ci apportent un aspect organique, mais pas que. Quelques coquillages qui vous ram\u00e8nent sur les plages de votre enfance, un herbier pos\u00e9 sur un buffet ou des plantes dans des pots en terre cuite sont tout \u00e0 fait dans l\u2019esprit. On se sent mieux dans <strong>des espaces qui racontent une histoire et dont les objets ont une r\u00e9elle signification<\/strong>.<\/p>\n\n\n\n<p><\/p>\n\n\n\n<h2 class=\"wp-block-heading\"><strong>Mettez du lagom dans votre vie<\/strong><\/h2>\n\n\n\n<p>La base de cette d\u00e9coration int\u00e9rieure passe par des meubles \u00e9pur\u00e9s. <strong>Privil\u00e9giez les formes sobres et les designs multifonctions<\/strong> qui vous feront gagner de la place. Les combinaisons chaleureuses de bois clair et de blanc sont \u00e0 la fois lumineuses et apaisantes. Leur effet sur le corps et l\u2019esprit est proche <a rel=\"noreferrer noopener\" href=\"https:\/\/fr.mycs.com\/blog\/decoration-cocooning\/\" data-type=\"post\" data-id=\"29022\" target=\"_blank\">du cocooning<\/a>.<\/p>\n\n\n\n<p>Il va de soi qu\u2019avec cette d\u00e9co, <strong>la qualit\u00e9 et la durabilit\u00e9 du mobilier prime sur la quantit\u00e9.<\/strong> Les adeptes de cette philosophie accordent une grande importance aux savoir-faire artisanaux, \u00e0 l\u2019origine des mat\u00e9riaux mais aussi aux modes de fabrication. Il n\u2019est pas rare de trouver des pi\u00e8ces chin\u00e9es ou upcycl\u00e9es dans ce type de d\u00e9co.<\/p>\n\n\n\n<div style=\"height:31px\" aria-hidden=\"true\" class=\"wp-block-spacer\"><\/div>\n\n\n\n<div style=\"height:31px\" aria-hidden=\"true\" class=\"wp-block-spacer\"><\/div>\n","protected":false},"excerpt":{"rendered":"<p>Philosophie de vie et tendance d\u00e9co, le Lagom consiste \u00e0 trouver un juste \u00e9quilibre entre bien-\u00eatre et consommation raisonn\u00e9e.<\/p>\n","protected":false},"author":35,"featured_media":24647,"comment_status":"closed","ping_status":"open","sticky":false,"template":"","format":"standard","meta":{"ub_ctt_via":"","_editorskit_title_hidden":false,"_editorskit_reading_time":0,"_editorskit_is_block_options_detached":false,"_editorskit_block_options_position":"{}","_eb_attr":"","_lmt_disableupdate":"yes","_lmt_disable":"","footnotes":""},"categories":[1407],"tags":[1388,1394],"featured_image_src":"https:\/\/de.mycs.com\/blog\/wp-content\/uploads\/Lagom-1-1080x608-2-e1681194242976.jpg","author_info":{"name":"La r\u00e9daction MYCS","url":"https:\/\/de.mycs.com\/blog\/author\/redac\/"},"featured_image_urls":{"full":["https:\/\/de.mycs.com\/blog\/wp-content\/uploads\/Lagom-1-1080x608-2-e1681194242976.jpg",900,507,false],"thumbnail":["https:\/\/de.mycs.com\/blog\/wp-content\/uploads\/Lagom-1-1080x608-2-e1681194242976-80x80.jpg",80,80,true],"medium":["https:\/\/de.mycs.com\/blog\/wp-content\/uploads\/Lagom-1-1080x608-2-e1681194242976-260x146.jpg",260,146,true],"medium_large":["https:\/\/de.mycs.com\/blog\/wp-content\/uploads\/Lagom-1-1080x608-2-e1681194242976-768x433.jpg",768,433,true],"large":["https:\/\/de.mycs.com\/blog\/wp-content\/uploads\/Lagom-1-1080x608-2-e1681194242976-608x343.jpg",608,343,true],"1536x1536":["https:\/\/de.mycs.com\/blog\/wp-content\/uploads\/Lagom-1-1080x608-2-e1681194242976.jpg",900,507,false],"2048x2048":["https:\/\/de.mycs.com\/blog\/wp-content\/uploads\/Lagom-1-1080x608-2-e1681194242976.jpg",900,507,false],"post-thumbnail":["https:\/\/de.mycs.com\/blog\/wp-content\/uploads\/Lagom-1-1080x608-2-e1681194242976-900x450.jpg",900,450,true],"slider-image":["https:\/\/de.mycs.com\/blog\/wp-content\/uploads\/Lagom-1-1080x608-2-e1681194242976-900x500.jpg",900,500,true],"brnhmbx-metz-slider-thumbnail-image":["https:\/\/de.mycs.com\/blog\/wp-content\/uploads\/Lagom-1-1080x608-2-e1681194242976-150x100.jpg",150,100,true],"related-thumbnail":["https:\/\/de.mycs.com\/blog\/wp-content\/uploads\/Lagom-1-1080x608-2-e1681194242976-600x400.jpg",600,400,true],"page-navigation-thumbnail":["https:\/\/de.mycs.com\/blog\/wp-content\/uploads\/Lagom-1-1080x608-2-e1681194242976-80x80.jpg",80,80,true],"home-thumbnail":["https:\/\/de.mycs.com\/blog\/wp-content\/uploads\/Lagom-1-1080x608-2-e1681194242976-720x310.jpg",720,310,true]},"post_excerpt_stackable":"<p>Philosophie de vie et tendance d\u00e9co, le Lagom consiste \u00e0 trouver un juste \u00e9quilibre entre bien-\u00eatre et consommation raisonn\u00e9e.<\/p>\n","category_list":"<a href=\"https:\/\/fr.mycs.com\/blog\/inspiration\/\" rel=\"category tag\">Inspiration<\/a>","comments_num":"0 comments","modified_by":"Emilyne Van der Beken","_links":{"self":[{"href":"https:\/\/de.mycs.com\/blog\/wp-json\/wp\/v2\/posts\/24224"}],"collection":[{"href":"https:\/\/de.mycs.com\/blog\/wp-json\/wp\/v2\/posts"}],"about":[{"href":"https:\/\/de.mycs.com\/blog\/wp-json\/wp\/v2\/types\/post"}],"author":[{"embeddable":true,"href":"https:\/\/de.mycs.com\/blog\/wp-json\/wp\/v2\/users\/35"}],"replies":[{"embeddable":true,"href":"https:\/\/de.mycs.com\/blog\/wp-json\/wp\/v2\/comments?post=24224"}],"version-history":[{"count":10,"href":"https:\/\/de.mycs.com\/blog\/wp-json\/wp\/v2\/posts\/24224\/revisions"}],"predecessor-version":[{"id":27368,"href":"https:\/\/de.mycs.com\/blog\/wp-json\/wp\/v2\/posts\/24224\/revisions\/27368"}],"wp:featuredmedia":[{"embeddable":true,"href":"https:\/\/de.mycs.com\/blog\/wp-json\/wp\/v2\/media\/24647"}],"wp:attachment":[{"href":"https:\/\/de.mycs.com\/blog\/wp-json\/wp\/v2\/media?parent=24224"}],"wp:term":[{"taxonomy":"category","embeddable":true,"href":"https:\/\/de.mycs.com\/blog\/wp-json\/wp\/v2\/categories?post=24224"},{"taxonomy":"post_tag","embeddable":true,"href":"https:\/\/de.mycs.com\/blog\/wp-json\/wp\/v2\/tags?post=24224"}],"curies":[{"name":"wp","href":"https:\/\/api.w.org\/{rel}","templated":true}]}}