{"id":24303,"date":"2022-11-28T08:00:23","date_gmt":"2022-11-28T07:00:23","guid":{"rendered":"https:\/\/de.mycs.com\/blog\/?p=18707"},"modified":"2023-04-14T11:51:37","modified_gmt":"2023-04-14T09:51:37","slug":"nachttische","status":"publish","type":"post","link":"https:\/\/de.mycs.com\/blog\/nachttische\/","title":{"rendered":"Der Nachttisch, das meist untersch\u00e4tzte M\u00f6bel!"},"content":{"rendered":"\n<p class=\"has-drop-cap\">Heute brechen wir mal eine Lanze f\u00fcr ein oft untersch\u00e4tztes M\u00f6belst\u00fcck. Eines, das unsere Gewohnheiten kennt und uns so nahe steht, wie kaum ein anderes. Sei es als Ablagefl\u00e4che f\u00fcr die ganz pers\u00f6nlichen Accessoires, f\u00fcr den Lesestoff oder f\u00fcr das Glas Wasser gegen den Durst in der Nacht.&nbsp;<\/p>\n\n\n\n<hr class=\"wp-block-separator has-css-opacity is-style-default\"\/>\n\n\n\n<h2 class=\"wp-block-heading\"><strong><strong>Wie hoch muss ein Nachttisch sein?<\/strong><\/strong><\/h2>\n\n\n\n<p>\u201cDas kommt darauf an\u201d w\u00e4re keine wirklich zufriedenstellende Antwort, nicht wahr? Weil es inzwischen aber so viele M\u00f6glichkeiten gibt, ein Bett zu gestalten, kommt es tats\u00e4chlich darauf an. Und zwar auf die H\u00f6he der Liegefl\u00e4che, sprich der Matratze. Die befindet sich bei den meisten Betten auf etwa 50 &#8211; 60 Zentimetern. Die Bettgestelle selbst sind oft normiert \u2013 die ausschlaggebende Variante liegt darum in der St\u00e4rke der Matratze.&nbsp;<\/p>\n\n\n\n<p>Besonders hoch sind heute die Matratzen der immer beliebter werdenden Boxspringbetten. Ihre besonders bequeme Einstiegsh\u00f6he findet mehr und mehr Anh\u00e4nger und ist mit ca. 70 Zentimetern deutlich h\u00f6her als der Standard.&nbsp;&nbsp;&nbsp;<\/p>\n\n\n\n<h2 class=\"wp-block-heading\"><strong><strong><strong>Welche Funktion hat ein Nachtschrank?&nbsp;<\/strong><\/strong><\/strong><\/h2>\n\n\n\n<p>H\u00e4ufig gen\u00fcgen schon die kleinen Gegenst\u00e4nde auf dem <a href=\"https:\/\/de.mycs.com\/produkt\/eKHOFVHZi\" data-type=\"URL\" data-id=\"https:\/\/de.mycs.com\/produkt\/eKHOFVHZi\" target=\"_blank\" rel=\"noreferrer noopener\">Nachttisch<\/a>, um Aufschl\u00fcsse \u00fcber den Charakter seines Besitzers zu geben. Die Form und Verwendung des kleinen Schr\u00e4nkchens tun ein \u00dcbriges: F\u00fcr den einen ist es das erweiterte Badezimmer, f\u00fcr die andere eine kleine Au\u00dfenstelle der heimischen Bibliothek. Manche deponieren in einer integrierten Schublade ihre Medizin f\u00fcr den direkten n\u00e4chtlichen Zugriff oder richten sich die kleine Ablage als Home Office ein.<\/p>\n\n\n\n<figure class=\"wp-block-image size-full is-resized is-style-default\"><img decoding=\"async\" loading=\"lazy\" src=\"https:\/\/de.mycs.com\/blog\/wp-content\/uploads\/MYCS_nightstand_873x620_01_DE.jpg\" alt=\"Nachttisch und Sofa-Hocker\" class=\"wp-image-18913\" width=\"655\" height=\"465\"\/><\/figure>\n\n\n\n<h2 class=\"wp-block-heading\"><strong><strong>Wie breit sind Nachttische?<\/strong><\/strong><\/h2>\n\n\n\n<p>Ein Nachttisch ist meist um die 30 &#8211; 40 Zentimeter breit. Er kommt gern im Duo, oft aber auch als Einzelst\u00fcck, offen oder geschlossen. Er ist neben dem Bett der zentrale Dreh- und Angelpunkt des Schlafbereichs und eine unverzichtbare Erg\u00e4nzung des Interieurs. Das k\u00f6nnen alle best\u00e4tigen, die \u2013 aus welchen Gr\u00fcnden auch immer \u2013 mal eine Zeitlang \u201cohne\u201d auskommen mussten.<\/p>\n\n\n\n<blockquote class=\"wp-block-quote\">\n<p>Ein Tipp: Auch wenn du zwei Nachttische brauchst, m\u00fcssen sie nicht zwangsl\u00e4ufig identisch aussehen. Probier dich aus!<\/p>\n<\/blockquote>\n\n\n\n<h2 class=\"wp-block-heading\"><strong>Nachttisch: quadratisch + praktisch= gut?<\/strong><\/h2>\n\n\n\n<p>Der Nachttisch ist das M\u00f6belst\u00fcck, das oft passend zu den \u00fcbrigen Schlafzimmerm\u00f6beln, h\u00e4ufig sogar im Set erworben wird. Was aber spr\u00e4che dagegen, auch mal artfremde Gegenst\u00e4nde zum Nachtschrank zu erkl\u00e4ren?<\/p>\n\n\n\n<p>Ein sch\u00f6ner Stuhl zum Beispiel, eine Box, ja sogar ein kleiner Schreibtisch k\u00f6nnen sich in dein ganz pers\u00f6nliches Nachttischchen verwandeln und eine individuelle, gem\u00fctliche und intime Atmosph\u00e4re erschaffen. Stellst du das Ganze auf elegante M\u00f6belf\u00fc\u00dfe, kehrt sofort etwas mehr Leichtigkeit ein. Und hinter einzeln platzierten T\u00fcr-Elementen verschwinden alle deine ganz pers\u00f6nlichen Objekte.<\/p>\n\n\n\n<p>Du bist eher der <a href=\"https:\/\/de.mycs.com\/blog\/minimalistisches-design-trifft-auf-farbhighlights\/\" data-type=\"post\" data-id=\"24168\" target=\"_blank\" rel=\"noreferrer noopener\">minimalistische Typ<\/a>? Dann ist eine geschlossene Box mit Schublade, T\u00fcr und Rollen perfekt f\u00fcr dich. Oder probierst du auch mal etwas Unkonventionelles? Dann k\u00f6nnte dir ein sch\u00f6ner Holzstuhl neben deinem Bett gefallen. Wenn du es besonders gem\u00fctlich magst, macht ein weicher Polsterhocker deine kuschelige Schlafzimmer-Atmosph\u00e4re perfekt.<\/p>\n\n\n\n<p>Musst du mit wenigen Quadratmetern auskommen? Dann nutze den vorhandenen Raum m\u00f6glichst optimal und platziere einfach deinen Schreibtisch direkt neben dem Bett. Und f\u00fcr alle, die ihre Ablagefl\u00e4che lieber hinter als neben dem Bett bevorzugen, eignen sich schmale Konsolentischchen perfekt. Mit einer <a href=\"https:\/\/de.mycs.com\/blog\/mycs-regal-designs\/\" data-type=\"URL\" data-id=\"https:\/\/de.mycs.com\/blog\/mycs-regal-designs\/\" target=\"_blank\" rel=\"noreferrer noopener\">modularen Bibliothek<\/a> kannst du sogar die H\u00f6he deines Kopfteils variieren und schaffst zus\u00e4tzlich wertvollen Stauraum.<\/p>\n\n\n\n<blockquote class=\"wp-block-quote\">\n<p>Unser Tipp: Arrangiere doch auf der Ablagefl\u00e4che hinter dem Kopfteil deines Bettes immer mal wechselnde kleine Stillleben.<\/p>\n<\/blockquote>\n\n\n\n<h2 class=\"wp-block-heading\"><strong>Bau dir dein MYCS Nachtm\u00f6bel<\/strong><\/h2>\n\n\n\n<p>Bei MYCS kannst du alle M\u00f6belst\u00fccke exakt nach deinen W\u00fcnschen konfigurieren, Abmessungen und Oberfl\u00e4chen personalisieren, etwas Neues ausprobieren oder ein M\u00f6belst\u00fcck komplett umfunktionieren und in deinen ganz pers\u00f6nlichen Wohn-Kontext stellen.&nbsp;<\/p>\n\n\n\n<p>So wird aus einem Stuhl in Buche oder einem Tisch mit Glasplatte im Handumdrehen dein Nachttisch-Unikat. Oder entscheide dich f\u00fcr ein <a href=\"https:\/\/de.mycs.com\/schraenke\/nachtschraenke\" data-type=\"URL\" data-id=\"https:\/\/de.mycs.com\/schraenke\/nachtschraenke\" target=\"_blank\" rel=\"noreferrer noopener\">GRYD System<\/a> mit stilisierten Metallbeinen und einen wundersch\u00f6nen Samt-Ottomanen. Ob als Duo oder auf jeder Bettseite individuell: mit MYCS wird aus jedem Nachttisch dein Nachttisch.<\/p>\n","protected":false},"excerpt":{"rendered":"<p>Neuer Nachttisch gef\u00e4llig? Wir beraten dich bei Ma\u00dfen &#038; Ausstattung und geben dir Tipps f\u00fcr kreative L\u00f6sungen.<\/p>\n","protected":false},"author":36,"featured_media":27850,"comment_status":"closed","ping_status":"open","sticky":false,"template":"","format":"standard","meta":{"ub_ctt_via":"","_editorskit_title_hidden":false,"_editorskit_reading_time":0,"_editorskit_is_block_options_detached":false,"_editorskit_block_options_position":"{}","_eb_attr":"","_lmt_disableupdate":"yes","_lmt_disable":"","footnotes":""},"categories":[1405],"tags":[1367],"featured_image_src":"https:\/\/de.mycs.com\/blog\/wp-content\/uploads\/2022\/11\/DE-Interior-Nachttisch-featured-image.jpg","author_info":{"name":"Die MYCS-Redaktion","url":"https:\/\/de.mycs.com\/blog\/author\/redak\/"},"featured_image_urls":{"full":["https:\/\/de.mycs.com\/blog\/wp-content\/uploads\/2022\/11\/DE-Interior-Nachttisch-featured-image.jpg",1600,900,false],"thumbnail":["https:\/\/de.mycs.com\/blog\/wp-content\/uploads\/2022\/11\/DE-Interior-Nachttisch-featured-image-246x138.jpg",80,45,true],"medium":["https:\/\/de.mycs.com\/blog\/wp-content\/uploads\/2022\/11\/DE-Interior-Nachttisch-featured-image-500x281.jpg",267,150,true],"medium_large":["https:\/\/de.mycs.com\/blog\/wp-content\/uploads\/2022\/11\/DE-Interior-Nachttisch-featured-image-768x432.jpg",768,432,true],"large":["https:\/\/de.mycs.com\/blog\/wp-content\/uploads\/2022\/11\/DE-Interior-Nachttisch-featured-image-608x342.jpg",608,342,true],"1536x1536":["https:\/\/de.mycs.com\/blog\/wp-content\/uploads\/2022\/11\/DE-Interior-Nachttisch-featured-image-1536x864.jpg",1536,864,true],"2048x2048":["https:\/\/de.mycs.com\/blog\/wp-content\/uploads\/2022\/11\/DE-Interior-Nachttisch-featured-image.jpg",1600,900,false],"post-thumbnail":["https:\/\/de.mycs.com\/blog\/wp-content\/uploads\/2022\/11\/DE-Interior-Nachttisch-featured-image-1080x450.jpg",1080,450,true],"slider-image":["https:\/\/de.mycs.com\/blog\/wp-content\/uploads\/2022\/11\/DE-Interior-Nachttisch-featured-image-1080x500.jpg",1080,500,true],"brnhmbx-metz-slider-thumbnail-image":["https:\/\/de.mycs.com\/blog\/wp-content\/uploads\/2022\/11\/DE-Interior-Nachttisch-featured-image-150x100.jpg",150,100,true],"related-thumbnail":["https:\/\/de.mycs.com\/blog\/wp-content\/uploads\/2022\/11\/DE-Interior-Nachttisch-featured-image-600x400.jpg",600,400,true],"page-navigation-thumbnail":["https:\/\/de.mycs.com\/blog\/wp-content\/uploads\/2022\/11\/DE-Interior-Nachttisch-featured-image-80x80.jpg",80,80,true],"home-thumbnail":["https:\/\/de.mycs.com\/blog\/wp-content\/uploads\/2022\/11\/DE-Interior-Nachttisch-featured-image-720x310.jpg",720,310,true]},"post_excerpt_stackable":"<p>Neuer Nachttisch gef\u00e4llig? Wir beraten dich bei Ma\u00dfen &#038; Ausstattung und geben dir Tipps f\u00fcr kreative L\u00f6sungen.<\/p>\n","category_list":"<a href=\"https:\/\/de.mycs.com\/blog\/produktberatung\/\" rel=\"category tag\">Produktberatung<\/a>","comments_num":"0 comments","modified_by":"Philipp","_links":{"self":[{"href":"https:\/\/de.mycs.com\/blog\/wp-json\/wp\/v2\/posts\/24303"}],"collection":[{"href":"https:\/\/de.mycs.com\/blog\/wp-json\/wp\/v2\/posts"}],"about":[{"href":"https:\/\/de.mycs.com\/blog\/wp-json\/wp\/v2\/types\/post"}],"author":[{"embeddable":true,"href":"https:\/\/de.mycs.com\/blog\/wp-json\/wp\/v2\/users\/36"}],"replies":[{"embeddable":true,"href":"https:\/\/de.mycs.com\/blog\/wp-json\/wp\/v2\/comments?post=24303"}],"version-history":[{"count":9,"href":"https:\/\/de.mycs.com\/blog\/wp-json\/wp\/v2\/posts\/24303\/revisions"}],"predecessor-version":[{"id":29875,"href":"https:\/\/de.mycs.com\/blog\/wp-json\/wp\/v2\/posts\/24303\/revisions\/29875"}],"wp:featuredmedia":[{"embeddable":true,"href":"https:\/\/de.mycs.com\/blog\/wp-json\/wp\/v2\/media\/27850"}],"wp:attachment":[{"href":"https:\/\/de.mycs.com\/blog\/wp-json\/wp\/v2\/media?parent=24303"}],"wp:term":[{"taxonomy":"category","embeddable":true,"href":"https:\/\/de.mycs.com\/blog\/wp-json\/wp\/v2\/categories?post=24303"},{"taxonomy":"post_tag","embeddable":true,"href":"https:\/\/de.mycs.com\/blog\/wp-json\/wp\/v2\/tags?post=24303"}],"curies":[{"name":"wp","href":"https:\/\/api.w.org\/{rel}","templated":true}]}}