{"id":30060,"date":"2023-05-22T15:11:41","date_gmt":"2023-05-22T13:11:41","guid":{"rendered":"https:\/\/de.mycs.com\/blog\/?p=30060"},"modified":"2023-05-22T15:15:05","modified_gmt":"2023-05-22T13:15:05","slug":"gemuetliche-wohnung","status":"publish","type":"post","link":"https:\/\/de.mycs.com\/blog\/gemuetliche-wohnung\/","title":{"rendered":"Gem\u00fctliche Wohnung: So gelingt dir die Einrichtung!"},"content":{"rendered":"\n<p>Willst du deine Wohnung gem\u00fctlich einrichten, wei\u00dft aber nicht, wo du anfangen sollst? Keine Sorge &#8211; du bist nicht allein! Eine Wohnung einzurichten kann eine entmutigende Aufgabe sein, besonders wenn es darum geht, M\u00f6bel und Designelemente auszuw\u00e4hlen.<\/p>\n\n\n\n<p>Mit den richtigen Tipps und Tricks gibt es jedoch viele M\u00f6glichkeiten, jedem Raum W\u00e4rme und Pers\u00f6nlichkeit zu verleihen. In diesem Blogbeitrag zeigen wir dir, wie du die Prinzipien der Inneneinrichtung auf kreative Weise nutzen kannst, um deinen Wohnraum so zu gestalten, dass du dich wohlf\u00fchlst, wenn du G\u00e4ste empf\u00e4ngst oder einfach nur deine Ruhe haben m\u00f6chtest.<\/p>\n\n\n<div id=\"ub_divider_085e6006-e5dd-4ea1-92c9-76ecc85330d1\" class=\"wp-block-ub-divider ub-divider-orientation-horizontal\"><hr class=\"ub_divider\" ><\/hr><\/div>\n\n\n<h2 class=\"wp-block-heading\">Wohnung gem\u00fctlich einrichten: Farben und Texturen<\/h2>\n\n\n\n<p>Eine gem\u00fctliche Wohnung ist der R\u00fcckzugsort nach einem langen Tag und ein Ort, an dem man sich entspannen und wohlf\u00fchlen sollte.<\/p>\n\n\n\n<p><strong>Um eine solche Atmosph\u00e4re zu schaffen, sollten warme Farben und Texturen verwendet werden.<\/strong> Erdt\u00f6ne wie Braun und Beige sowie warme Farbt\u00f6ne wie Rot und Orange k\u00f6nnen dem Raum eine gem\u00fctliche Note verleihen.<\/p>\n\n\n\n<p><strong>Kuschelige Stoffe wie Pl\u00fcsch, Samt und Wolle sind ebenfalls sehr wichtig, um das gem\u00fctliche Flair zu unterstreichen.<\/strong> Sie k\u00f6nnen in Form von Kissen, Decken oder Teppichen verwendet werden.&nbsp;<\/p>\n\n\n\n<p>Du solltest also auf Farben und Stoffe setzen und eine wohlige Atmosph\u00e4re schaffen. In einem weiteren Artikel erf\u00e4hrst du noch mehr, wie du deine <a href=\"https:\/\/de.mycs.com\/blog\/wohnung-gemutlich-einrichten\/\" target=\"_blank\" aria-label=\"Wohnung gem\u00fctlich einrichten (opens in a new tab)\" rel=\"noreferrer noopener\" class=\"ek-link\">Wohnung gem\u00fctlich einrichten<\/a> kannst.<\/p>\n\n\n\n<h2 class=\"wp-block-heading\">Mach deine M\u00f6bel einladender, indem du Kissen und Decken hinzuf\u00fcgst<\/h2>\n\n\n\n<p>In Sachen Wohnungseinrichtung gibt es eine goldene Regel: Je gem\u00fctlicher, desto besser! Und wer m\u00f6chte nicht in einer behaglichen Atmosph\u00e4re wohnen? Da sind Kissen und Decken die perfekten Accessoires.<\/p>\n\n\n\n<p>Diese machen nicht nur deine M\u00f6bel einladender, sondern laden auch deine G\u00e4ste zum Kuscheln und Entspannen ein. Au\u00dferdem kannst du mit verschiedenen Farben und Mustern dein eigenes pers\u00f6nliches Style-Statement setzen.<\/p>\n\n\n\n<p>Also, <strong>schnapp dir ein paar flauschige Kissen und warme Decken<\/strong>, verteile sie gro\u00dfz\u00fcgig in deiner Wohnung und \u00fcberpr\u00fcfe selber, wie viel ein paar kleine Ver\u00e4nderungen bewirken k\u00f6nnen.<\/p>\n\n\n\n<h2 class=\"wp-block-heading\">Zeig deine Pers\u00f6nlichkeit durch Kunstwerke, Nippes und Verzierungen<\/h2>\n\n\n\n<p>Die Einrichtung einer gem\u00fctlichen Wohnung ist eine Kunst f\u00fcr sich. Es geht darum, deinen Stil und Charisma widerzuspiegeln und M\u00f6glichkeit zu zeigen, wer du selbst bist. Eine gro\u00dfartige M\u00f6glichkeit, dies zu erreichen, ist durch Kunstwerke, Nippes und Verzierungen.<\/p>\n\n\n\n<p>Egal, ob du ein Kunstliebhaber bist oder ein bisschen verr\u00fcckt bist, <strong>die Dekoration deiner Wohnung mit originellen und unerwarteten St\u00fccken wird Besucher \u00fcberrasche<\/strong>n und dein Zuhause spannender und einladender machen.<\/p>\n\n\n\n<p>Also scheue dich nicht davor, eine einzigartige Note hinzuzuf\u00fcgen, um deine Wohnung in ein wahres Kunstwerk zu verwandeln.<\/p>\n\n\n\n<h2 class=\"wp-block-heading\">W\u00e4hle St\u00fccke, die sowohl funktional als auch \u00e4sthetisch sind<\/h2>\n\n\n\n<p>Um eine gem\u00fctliche Wohnung zu gestalten, ist es wichtig, praktische und multifunktionale M\u00f6belst\u00fccke zu w\u00e4hlen, die auch \u00e4sthetisch ansprechend sind. Hier ist eine Liste, wie du einfach vorgehen kannst:<\/p>\n\n\n\n<div class=\"wp-block-group is-layout-constrained wp-block-group-is-layout-constrained\"><div class=\"wp-block-group__inner-container\"><ul class=\"ub_styled_list\" id=\"ub_styled_list-63471e78-a7b1-45f1-ae0a-eee448dafff1\">\n<li class=\"ub_styled_list_item\" style=\"\" id=\"ub-styled-list-item-15814af7-2100-4ab8-8a29-e2d99674a139\"><strong>Konfiguriere selber online deine M\u00f6bel:<\/strong> dies ist eine tolle M\u00f6glichkeit, speziell angepasste Staurauml\u00f6sungen zu schaffen. Auf diese Weise kannst du sicherstellen, dass dein eigener Stil integriert wird und du St\u00fccke erh\u00e4ltst, die perfekt auf deine Bed\u00fcrfnisse abgestimmt sind.<\/li>\n\n<li class=\"ub_styled_list_item\" style=\"\" id=\"ub-styled-list-item-153e685e-8b5e-4888-b8c7-b8e2f42cdd4d\"><strong>Jedes M\u00f6belst\u00fcck sollte mehrere Funktionen erf\u00fcllen<\/strong>: ein Mehrzweck-Regalsystem kann zum Beispiel nicht nur B\u00fccher aufbewahren, sondern auch geschickt ungenutzen Raum erschlie\u00dfen.<\/li>\n\n<li class=\"ub_styled_list_item\" style=\"\" id=\"ub-styled-list-item-e355db52-1ef9-4dae-bc26-bf1a14c85505\"><strong>Die M\u00f6bel sollten optisch ansprechend sein<\/strong>: Du w\u00e4hlst Farben aus, die dich ansprechen und bestimmst die Dimensionen, wenn du dir bei uns online ein <a aria-label=\"Regal (opens in a new tab)\" href=\"https:\/\/de.mycs.com\/regale\" target=\"_blank\" rel=\"noreferrer noopener\" class=\"ek-link\">Regal<\/a> individuell konfigurierst.<\/li>\n<\/ul><\/div><\/div>\n\n\n\n<p>Wir garantieren dir au\u00dferdem: Bei MYCS online <a href=\"https:\/\/de.mycs.com\/regal\/F-iCRHRM?tab=elemente\" target=\"_blank\" aria-label=\"einzigartige M\u00f6bel (opens in a new tab)\" rel=\"noreferrer noopener\" class=\"ek-link\">einzigartige M\u00f6bel<\/a> zu konfigurieren, macht definitv Spa\u00df! Kreiere ein Sofa in f\u00fcnf Farben oder ein Regal in Stufenform oder, oder, oder!<\/p>\n\n\n\n<h2 class=\"wp-block-heading\">Baue nat\u00fcrliche Elemente wie Pflanzen, Holzakzente oder Steinverzierungen ein&nbsp;<\/h2>\n\n\n\n<p>Wenn du deiner Wohnung eine gem\u00fctliche Atmosph\u00e4re verleihen m\u00f6chtest, solltest du auf Nat\u00fcrlichkeit setzen. <strong>Integriere Elemente wie Pflanzen, Holzakzente oder Steinverzierungen<\/strong>, um deine vier W\u00e4nde sanft und harmonisch wirken zu lassen.\u00a0<\/p>\n\n\n\n<p>Pflanzen verbessern das Raumklima und lassen dich aufatmen, w\u00e4hrend das Spiel mit Holz- und Stein-Designs eine rauhe, aber dennoch einladende Atmosph\u00e4re schafft.<\/p>\n\n\n\n<p><strong>Mit ausreichend Licht setzt du diese Elemente gekonnt in Szene<\/strong> und zauberst eine Wohlf\u00fchl-Oase in deine Wohnung. Also, worauf wartest du? Lass deiner Kreativit\u00e4t freien Lauf und erschaffe deine gem\u00fctliche Traumwohnung!<\/p>\n\n\n\n<p>Du m\u00f6chtest mehr \u00fcber einen nat\u00fcrlichen Wohnstil lesen? Dann schau dir unseren Beitrag \u00fcber die <a href=\"https:\/\/de.mycs.com\/blog\/skandinavische-wohnung-einrichten\/\" target=\"_blank\" aria-label=\"skandinavische Wohnung (opens in a new tab)\" rel=\"noreferrer noopener\" class=\"ek-link\">skandinavische Wohnung<\/a> an.<\/p>\n\n\n\n<h2 class=\"wp-block-heading\">Lampen, Kerzen, B\u00fccher, Zeitschriften<\/h2>\n\n\n\n<p>Vergiss nicht, dass eine warme und behagliche Atmosph\u00e4re durch die richtige Dekoration entsteht.<\/p>\n\n\n\n<p>Setze Akzente mit Lampen, die ein angenehmes Licht verbreiten oder schaffe durch Kerzen eine besonders entspannende Stimmung.<\/p>\n\n\n\n<p>B\u00fccher und Zeitschriften sorgen nicht nur f\u00fcr Anregung und Entspannung, sondern bringen auch Kultur in den Raum.&nbsp;<\/p>\n\n\n\n<p>Geschichten laden zum Schm\u00f6kern und Tr\u00e4umen ein, w\u00e4hrend das harmonische Ambiente auch f\u00fcr sch\u00f6ne Stunden zu zweit sorgt.<\/p>\n\n\n\n<p>Dabei ist es wichtig, dass die Dekoration deinem pers\u00f6nlichen Stil entspricht und den Raum aufwertet. So verwandelst du dein Zuhause in eine gem\u00fctliche Wohlf\u00fchl-Oase.<\/p>\n\n\n\n<div style=\"height:31px\" aria-hidden=\"true\" class=\"wp-block-spacer\"><\/div>\n","protected":false},"excerpt":{"rendered":"<p>Wie gestalte ich eine gem\u00fctlichen Wohnung? Mit diesen hilfreichen Tipps von MYCS schaffst du es!<\/p>\n","protected":false},"author":36,"featured_media":30061,"comment_status":"closed","ping_status":"open","sticky":false,"template":"","format":"standard","meta":{"ub_ctt_via":"","_editorskit_title_hidden":false,"_editorskit_reading_time":0,"_editorskit_is_block_options_detached":false,"_editorskit_block_options_position":"{}","_eb_attr":"","_lmt_disableupdate":"no","_lmt_disable":"","footnotes":""},"categories":[1409],"tags":[1371,1467],"featured_image_src":"https:\/\/de.mycs.com\/blog\/wp-content\/uploads\/2023\/05\/DE-gemuetliche-Wohnung-featured-image.jpg","author_info":{"name":"Die MYCS-Redaktion","url":"https:\/\/de.mycs.com\/blog\/author\/redak\/"},"featured_image_urls":{"full":["https:\/\/de.mycs.com\/blog\/wp-content\/uploads\/2023\/05\/DE-gemuetliche-Wohnung-featured-image.jpg",873,620,false],"thumbnail":["https:\/\/de.mycs.com\/blog\/wp-content\/uploads\/2023\/05\/DE-gemuetliche-Wohnung-featured-image-80x80.jpg",80,80,true],"medium":["https:\/\/de.mycs.com\/blog\/wp-content\/uploads\/2023\/05\/DE-gemuetliche-Wohnung-featured-image-260x185.jpg",211,150,true],"medium_large":["https:\/\/de.mycs.com\/blog\/wp-content\/uploads\/2023\/05\/DE-gemuetliche-Wohnung-featured-image-768x545.jpg",768,545,true],"large":["https:\/\/de.mycs.com\/blog\/wp-content\/uploads\/2023\/05\/DE-gemuetliche-Wohnung-featured-image-608x432.jpg",608,432,true],"1536x1536":["https:\/\/de.mycs.com\/blog\/wp-content\/uploads\/2023\/05\/DE-gemuetliche-Wohnung-featured-image.jpg",873,620,false],"2048x2048":["https:\/\/de.mycs.com\/blog\/wp-content\/uploads\/2023\/05\/DE-gemuetliche-Wohnung-featured-image.jpg",873,620,false],"post-thumbnail":["https:\/\/de.mycs.com\/blog\/wp-content\/uploads\/2023\/05\/DE-gemuetliche-Wohnung-featured-image-873x450.jpg",873,450,true],"slider-image":["https:\/\/de.mycs.com\/blog\/wp-content\/uploads\/2023\/05\/DE-gemuetliche-Wohnung-featured-image-873x500.jpg",873,500,true],"brnhmbx-metz-slider-thumbnail-image":["https:\/\/de.mycs.com\/blog\/wp-content\/uploads\/2023\/05\/DE-gemuetliche-Wohnung-featured-image-150x100.jpg",150,100,true],"related-thumbnail":["https:\/\/de.mycs.com\/blog\/wp-content\/uploads\/2023\/05\/DE-gemuetliche-Wohnung-featured-image-600x400.jpg",600,400,true],"page-navigation-thumbnail":["https:\/\/de.mycs.com\/blog\/wp-content\/uploads\/2023\/05\/DE-gemuetliche-Wohnung-featured-image-80x80.jpg",80,80,true],"home-thumbnail":["https:\/\/de.mycs.com\/blog\/wp-content\/uploads\/2023\/05\/DE-gemuetliche-Wohnung-featured-image-720x310.jpg",720,310,true]},"post_excerpt_stackable":"<p>Wie gestalte ich eine gem\u00fctlichen Wohnung? Mit diesen hilfreichen Tipps von MYCS schaffst du es!<\/p>\n","category_list":"<a href=\"https:\/\/de.mycs.com\/blog\/inspiration-de\/\" rel=\"category tag\">Inspiration<\/a>","comments_num":"0 comments","modified_by":"Philipp","_links":{"self":[{"href":"https:\/\/de.mycs.com\/blog\/wp-json\/wp\/v2\/posts\/30060"}],"collection":[{"href":"https:\/\/de.mycs.com\/blog\/wp-json\/wp\/v2\/posts"}],"about":[{"href":"https:\/\/de.mycs.com\/blog\/wp-json\/wp\/v2\/types\/post"}],"author":[{"embeddable":true,"href":"https:\/\/de.mycs.com\/blog\/wp-json\/wp\/v2\/users\/36"}],"replies":[{"embeddable":true,"href":"https:\/\/de.mycs.com\/blog\/wp-json\/wp\/v2\/comments?post=30060"}],"version-history":[{"count":1,"href":"https:\/\/de.mycs.com\/blog\/wp-json\/wp\/v2\/posts\/30060\/revisions"}],"predecessor-version":[{"id":30062,"href":"https:\/\/de.mycs.com\/blog\/wp-json\/wp\/v2\/posts\/30060\/revisions\/30062"}],"wp:featuredmedia":[{"embeddable":true,"href":"https:\/\/de.mycs.com\/blog\/wp-json\/wp\/v2\/media\/30061"}],"wp:attachment":[{"href":"https:\/\/de.mycs.com\/blog\/wp-json\/wp\/v2\/media?parent=30060"}],"wp:term":[{"taxonomy":"category","embeddable":true,"href":"https:\/\/de.mycs.com\/blog\/wp-json\/wp\/v2\/categories?post=30060"},{"taxonomy":"post_tag","embeddable":true,"href":"https:\/\/de.mycs.com\/blog\/wp-json\/wp\/v2\/tags?post=30060"}],"curies":[{"name":"wp","href":"https:\/\/api.w.org\/{rel}","templated":true}]}}