{"id":31151,"date":"2023-10-13T14:58:13","date_gmt":"2023-10-13T12:58:13","guid":{"rendered":"https:\/\/de.mycs.com\/blog\/?p=31151"},"modified":"2023-10-13T15:26:53","modified_gmt":"2023-10-13T13:26:53","slug":"klassizismus","status":"publish","type":"post","link":"https:\/\/de.mycs.com\/blog\/klassizismus\/","title":{"rendered":"Klassizismus: Zur\u00fcck zur Eleganz der Antike?"},"content":{"rendered":"\n<p class=\"has-text-align-center\"><strong>Klassizismus: Wo kommt er her, wer hat den Stil gepr\u00e4gt, welche Bedeutung hat er f\u00fcr Architektur und Design? Erfahre mehr dazu in unserem Blogartikel!<\/strong><\/p>\n\n\n\n\n\n<p class=\"has-drop-cap\">Tauche mit uns ein in eine \u00c4ra der zeitlosen Eleganz und Raffinesse \u2013 den Klassizismus. Diese Stilrichtung, die im sp\u00e4ten 18. Jahrhundert ihren Ursprung hatte, ist eine Hommage an die Sch\u00f6nheit und die klassischen Formen der Antike. In diesem Artikel werden wir uns in die Welt des Klassizismus begeben, seine Urspr\u00fcnge, bedeutenden Pers\u00f6nlichkeiten und seine Auswirkungen auf die M\u00f6bel- und Inneneinrichtung erkunden.<\/p>\n\n\n\n<h2 class=\"wp-block-heading\"><br>Die Wurzeln des Klassizismus<\/h2>\n\n\n\n<p><br>Der Klassizismus war eine direkte Reaktion auf den \u00fcberladenen Barockstil des 17. Jahrhunderts und den verspielten Rokokostil des 18. Jahrhunderts. Inspiriert von den antiken griechischen und r\u00f6mischen Kulturen, suchten die Klassizisten nach einer \u00c4sthetik, die auf Einfachheit, Symmetrie und klaren Linien basierte. Dieser Stil spiegelte die Sehnsucht nach einer R\u00fcckkehr zur Vernunft und Ordnung wider \u2013 Werte, die in der turbulenten Zeit der franz\u00f6sischen Revolution und der industriellen Revolution dringend ben\u00f6tigt wurden.<\/p>\n\n\n\n<h2 class=\"wp-block-heading\">Gro\u00dfe Namen des Klassizismus<\/h2>\n\n\n\n<p><br>Ein Name, der im Zusammenhang mit dem Klassizismus oft f\u00e4llt, ist der des Architekten und Designers Robert Adam. Mit seinen Arbeiten pr\u00e4gte er den Stil ma\u00dfgeblich und schuf M\u00f6bel und R\u00e4ume, die von der Antike inspiriert waren. Thomas Jefferson, der dritte Pr\u00e4sident der USA, lie\u00df sich von Adams Klassizismus f\u00fcr den Bau des Monticello inspirieren.<\/p>\n\n\n\n<h3 class=\"wp-block-heading\">Robert Adam: Ein Meister des Klassizismus<\/h3>\n\n\n\n\n\n<div class=\"wp-block-stackable-columns alignwide stk-block-columns stk-block stk-38e868d\" data-block-id=\"38e868d\"><style>.stk-38e868d{margin-bottom:7px !important}.stk-38e868d-column{--stk-columns-spacing:12px !important;--stk-column-gap:0px !important}<\/style><div class=\"stk-row stk-inner-blocks stk-block-content stk-content-align stk-38e868d-column\">\n<div class=\"wp-block-stackable-column stk-block-column stk-column stk-block stk-402c8c8\" data-v=\"4\" data-block-id=\"402c8c8\"><style>.stk-402c8c8{align-self:center !important}.stk-402c8c8-inner-blocks{align-items:center !important;justify-content:center !important}@media screen and (min-width:768px){.stk-402c8c8{flex:1 1 calc(53% - var(--stk-column-gap,0px) * 1 \/ 2 ) !important}}<\/style><div class=\"stk-column-wrapper stk-block-column__content stk-container stk-402c8c8-container stk--no-background stk--no-padding\"><div class=\"has-text-align-center stk--column-flex stk-block-content stk-inner-blocks stk-402c8c8-inner-blocks\"><div class=\"wp-block-image\">\n<figure class=\"aligncenter size-full is-resized\"><img decoding=\"async\" loading=\"lazy\" width=\"600\" height=\"338\" src=\"https:\/\/de.mycs.com\/blog\/wp-content\/uploads\/2023\/10\/DE_Inspiration_Klassismus_Inner_Image1.jpg\" alt=\"Ein Bild des \u00f6stlichen Schlafzimmers in Harewood House. Die klassischen M\u00f6bel wurden von Robert Adam und John Carr entworfen.\" class=\"wp-image-31152\" style=\"aspect-ratio:1;object-fit:cover;width:788px;height:auto\" srcset=\"https:\/\/de.mycs.com\/blog\/wp-content\/uploads\/2023\/10\/DE_Inspiration_Klassismus_Inner_Image1.jpg 600w, https:\/\/de.mycs.com\/blog\/wp-content\/uploads\/2023\/10\/DE_Inspiration_Klassismus_Inner_Image1-266x150.jpg 266w\" sizes=\"(max-width: 600px) 100vw, 600px\" \/><figcaption class=\"wp-element-caption\"><em>Das \u00f6stliche Schlafzimmer, Harewood House, Robert Adam\/ John Carr um 1759-1771. Einer der Drehorte der erfolgreichen Fernsehserie Downton Abbey.<\/em><\/figcaption><\/figure><\/div><\/div><\/div><\/div>\n\n\n\n<div class=\"wp-block-stackable-column stk-block-column stk-column stk-block stk-8b028f3\" data-v=\"4\" data-block-id=\"8b028f3\"><style>.stk-8b028f3{align-self:center !important}.stk-8b028f3-inner-blocks{align-items:center !important;justify-content:center !important}@media screen and (min-width:768px){.stk-8b028f3{flex:1 1 calc(47% - var(--stk-column-gap,0px) * 1 \/ 2 ) !important}}<\/style><div class=\"stk-column-wrapper stk-block-column__content stk-container stk-8b028f3-container stk--no-background stk--no-padding\"><div class=\"has-text-align-left stk--column-flex stk-block-content stk-inner-blocks stk-8b028f3-inner-blocks\">\n<p>Robert Adam (1728-1792) war einer der einflussreichsten Architekten und Designer des britischen Klassizismus im 18. Jahrhundert. Als schottischer Architekt und Innenarchitekt pr\u00e4gte er ma\u00dfgeblich die Architektur und das Design seiner Zeit. Seine Arbeit zeichnet sich durch eine klare Verbindung zum klassischen Erbe der Antike und der Renaissance aus.<\/p>\n<\/div><\/div><\/div>\n<\/div><\/div>\n\n\n\n<p><\/p>\n\n\n\n<h3 class=\"wp-block-heading\">Der Bildungsweg<\/h3>\n\n\n\n<p>Robert Adam studierte zun\u00e4chst an der Universit\u00e4t von Edinburgh und reiste dann nach Italien, um seine architektonische Ausbildung fortzusetzen. W\u00e4hrend seines Aufenthalts in Italien wurde er von den Ruinen der r\u00f6mischen Antike und den Werken der Renaissance inspiriert. Diese Inspirationen sollten seine sp\u00e4tere Arbeit stark beeinflussen.<\/p>\n\n\n\n<h3 class=\"wp-block-heading\">Die Entwicklung eines eigenen Stils<\/h3>\n\n\n\n<p>Adams Stil zeichnete sich durch die Verwendung klassischer Proportionen, symmetrischer Gestaltung und eleganter Linien aus. Seine Innenr\u00e4ume waren von einem Gef\u00fchl der Harmonie und des Gleichgewichts gepr\u00e4gt. Er entwickelte einen eigenen Formenkanon, der die klassische \u00c4sthetik hervorhob.<\/p>\n\n\n\n<h3 class=\"wp-block-heading\">Die Zusammenarbeit mit seinem Bruder James<\/h3>\n\n\n\n<p>Besonders bemerkenswert war Adams Zusammenarbeit mit seinem Bruder James Adam, der ebenfalls ein angesehener Architekt war. Gemeinsam gr\u00fcndeten sie das Architekturb\u00fcro &#8220;Adam Brothers&#8221; und arbeiteten an zahlreichen prestigetr\u00e4chtigen Projekten. Ihr Werk umfasste nicht nur Architektur, sondern auch Innenarchitektur und M\u00f6beldesign.<\/p>\n\n\n\n<h3 class=\"wp-block-heading\">Einfluss auf die Architektur und das Design<\/h3>\n\n\n\n<p>Die Adam-Br\u00fcder haben die britische Architektur und das Design des 18. Jahrhunderts ma\u00dfgeblich beeinflusst. Ihre Arbeit, die oft als &#8220;Adams-Stil&#8221; bezeichnet wird, pr\u00e4gte die Gestaltung von Herrenh\u00e4usern, \u00f6ffentlichen Geb\u00e4uden und sogar Schiffen. Ihr Erbe ist in vielen historischen Geb\u00e4uden Gro\u00dfbritanniens sichtbar.<\/p>\n\n\n\n<p>Robert Adam war ein herausragender Vertreter des Klassizismus und ein Pionier des klassischen Designs im 18. Jahrhundert. Seine Arbeit hat nicht nur seine Zeit gepr\u00e4gt, sondern auch das Erbe des Klassizismus f\u00fcr zuk\u00fcnftige Generationen von Designern und Architekten festgelegt. Seine klaren Linien, harmonischen Proportionen und die Liebe zum klassischen Erbe sind auch heute noch inspirierend und relevant.<\/p>\n\n\n\n<p>Ein weiterer bedeutender Name ist der des ber\u00fchmten franz\u00f6sischen M\u00f6beldesigners und Kunsthandwerkers Jacques-Louis David. Als Maler schuf er nicht nur beeindruckende Gem\u00e4lde, sondern beeinflusste auch die M\u00f6belgestaltung seiner Zeit ma\u00dfgeblich.<\/p>\n\n\n\n<h2 class=\"wp-block-heading\"><br>Der Klassizismus in der Inneneinrichtung<\/h2>\n\n\n\n<p><\/p>\n\n\n\n<p><br>Der Klassizismus fand in der Inneneinrichtung und M\u00f6belgestaltung seine h\u00f6chste Bl\u00fcte. Klare Linien, symmetrische Anordnungen und die Verwendung von edlen Materialien wie Marmor und Mahagoni waren charakteristisch f\u00fcr M\u00f6bel dieses Stils. Die ber\u00fchmten &#8220;Empire-M\u00f6bel&#8221; aus der Zeit Napoleons sind ein herausragendes Beispiel f\u00fcr den Klassizismus in der M\u00f6belwelt.<\/p>\n\n\n\n<h2 class=\"wp-block-heading\"><br>Vom Klassizismus bis heute<\/h2>\n\n\n\n\n\n<div class=\"wp-block-stackable-columns alignwide stk-block-columns stk-block stk-8707991\" data-block-id=\"8707991\"><style>.stk-8707991{margin-bottom:0px !important}<\/style><div class=\"stk-row stk-inner-blocks stk-block-content stk-content-align stk-8707991-column\">\n<div class=\"wp-block-stackable-column stk-block-column stk-column stk-block stk-5b23782\" data-v=\"4\" data-block-id=\"5b23782\"><style>.stk-5b23782{align-self:flex-start !important}@media screen and (min-width:768px){.stk-5b23782{flex:1 1 calc(42% - var(--stk-column-gap,0px) * 1 \/ 2 ) !important}}<\/style><div class=\"stk-column-wrapper stk-block-column__content stk-container stk-5b23782-container stk--no-background stk--no-padding\"><div class=\"stk-block-content stk-inner-blocks stk-5b23782-inner-blocks\">\n<p>Der Klassizismus mag aus vergangenen Zeiten stammen, aber seine Einfl\u00fcsse sind auch heute noch pr\u00e4sent. <\/p>\n\n\n\n<p>Viele zeitgen\u00f6ssische Designer greifen auf die klaren Formen und zeitlose Eleganz des Klassizismus zur\u00fcck. Dieser Stil verleiht jedem Raum eine zeitlose Sch\u00f6nheit und kann sowohl in klassischen als auch in modernen Interieurs gl\u00e4nzen.<\/p>\n<\/div><\/div><\/div>\n\n\n\n<div class=\"wp-block-stackable-column stk-block-column stk-column stk-block stk-5ae91fc\" data-v=\"4\" data-block-id=\"5ae91fc\"><style>.stk-5ae91fc{align-self:center !important}.stk-5ae91fc-inner-blocks{align-items:center !important;justify-content:center !important}@media screen and (min-width:768px){.stk-5ae91fc{flex:1 1 calc(58% - var(--stk-column-gap,0px) * 1 \/ 2 ) !important}}<\/style><div class=\"stk-column-wrapper stk-block-column__content stk-container stk-5ae91fc-container stk--no-background stk--no-padding\"><div class=\"stk--column-flex stk-block-content stk-inner-blocks stk-5ae91fc-inner-blocks\"><div class=\"wp-block-image\">\n<figure class=\"aligncenter size-full is-resized\"><img decoding=\"async\" loading=\"lazy\" width=\"540\" height=\"540\" src=\"https:\/\/de.mycs.com\/blog\/wp-content\/uploads\/2023\/10\/DE_Inspiration_Klassismus_Inner_Image2-1.jpg\" alt=\"\" class=\"wp-image-31154\" style=\"object-fit:cover;width:400px;height:400px\" srcset=\"https:\/\/de.mycs.com\/blog\/wp-content\/uploads\/2023\/10\/DE_Inspiration_Klassismus_Inner_Image2-1.jpg 540w, https:\/\/de.mycs.com\/blog\/wp-content\/uploads\/2023\/10\/DE_Inspiration_Klassismus_Inner_Image2-1-150x150.jpg 150w, https:\/\/de.mycs.com\/blog\/wp-content\/uploads\/2023\/10\/DE_Inspiration_Klassismus_Inner_Image2-1-80x80.jpg 80w\" sizes=\"(max-width: 540px) 100vw, 540px\" \/><figcaption class=\"wp-element-caption\"><em>\u00a9 Koziel<\/em><\/figcaption><\/figure><\/div><\/div><\/div><\/div>\n<\/div><\/div>\n\n\n\n<p>Wenn du dich vom Klassizismus inspirieren lassen m\u00f6chtest, sei es f\u00fcr dein gesamtes Zuhause oder f\u00fcr einzelne M\u00f6belst\u00fccke, dann denke daran, dass du bei MYCS M\u00f6bel nach deinen eigenen Vorstellungen gestalten kannst. So kannst du zeitlose Eleganz mit einem Hauch von Modernit\u00e4t verbinden und dir ein individuelles Wohnerlebnis schaffen, das ganz deinen pers\u00f6nlichen Stil widerspiegelt.<\/p>\n\n\n\n<div style=\"height:31px\" aria-hidden=\"true\" class=\"wp-block-spacer\"><\/div>\n","protected":false},"excerpt":{"rendered":"<p>Klassizismus: Wo kommt er her, wer hat den Stil gepr\u00e4gt, welche Bedeutung hat er f\u00fcr Architektur und Design? Erfahre mehr dazu in unserem Blogartikel!<\/p>\n","protected":false},"author":36,"featured_media":31155,"comment_status":"closed","ping_status":"open","sticky":false,"template":"","format":"standard","meta":{"ub_ctt_via":"","_editorskit_title_hidden":false,"_editorskit_reading_time":0,"_editorskit_is_block_options_detached":false,"_editorskit_block_options_position":"{}","_eb_attr":"","_lmt_disableupdate":"no","_lmt_disable":"","footnotes":""},"categories":[1409],"tags":[1347,1357],"featured_image_src":"https:\/\/de.mycs.com\/blog\/wp-content\/uploads\/2023\/10\/DE_Inspiration_Klassismus_Featured_Image-1.jpg","author_info":{"name":"Die MYCS-Redaktion","url":"https:\/\/de.mycs.com\/blog\/author\/redak\/"},"featured_image_urls":{"full":["https:\/\/de.mycs.com\/blog\/wp-content\/uploads\/2023\/10\/DE_Inspiration_Klassismus_Featured_Image-1.jpg",529,530,false],"thumbnail":["https:\/\/de.mycs.com\/blog\/wp-content\/uploads\/2023\/10\/DE_Inspiration_Klassismus_Featured_Image-1-80x80.jpg",80,80,true],"medium":["https:\/\/de.mycs.com\/blog\/wp-content\/uploads\/2023\/10\/DE_Inspiration_Klassismus_Featured_Image-1-150x150.jpg",150,150,true],"medium_large":["https:\/\/de.mycs.com\/blog\/wp-content\/uploads\/2023\/10\/DE_Inspiration_Klassismus_Featured_Image-1.jpg",529,530,false],"large":["https:\/\/de.mycs.com\/blog\/wp-content\/uploads\/2023\/10\/DE_Inspiration_Klassismus_Featured_Image-1.jpg",529,530,false],"1536x1536":["https:\/\/de.mycs.com\/blog\/wp-content\/uploads\/2023\/10\/DE_Inspiration_Klassismus_Featured_Image-1.jpg",529,530,false],"2048x2048":["https:\/\/de.mycs.com\/blog\/wp-content\/uploads\/2023\/10\/DE_Inspiration_Klassismus_Featured_Image-1.jpg",529,530,false],"post-thumbnail":["https:\/\/de.mycs.com\/blog\/wp-content\/uploads\/2023\/10\/DE_Inspiration_Klassismus_Featured_Image-1.jpg",529,530,false],"slider-image":["https:\/\/de.mycs.com\/blog\/wp-content\/uploads\/2023\/10\/DE_Inspiration_Klassismus_Featured_Image-1-529x500.jpg",529,500,true],"brnhmbx-metz-slider-thumbnail-image":["https:\/\/de.mycs.com\/blog\/wp-content\/uploads\/2023\/10\/DE_Inspiration_Klassismus_Featured_Image-1-150x100.jpg",150,100,true],"related-thumbnail":["https:\/\/de.mycs.com\/blog\/wp-content\/uploads\/2023\/10\/DE_Inspiration_Klassismus_Featured_Image-1-529x400.jpg",529,400,true],"page-navigation-thumbnail":["https:\/\/de.mycs.com\/blog\/wp-content\/uploads\/2023\/10\/DE_Inspiration_Klassismus_Featured_Image-1-80x80.jpg",80,80,true],"home-thumbnail":["https:\/\/de.mycs.com\/blog\/wp-content\/uploads\/2023\/10\/DE_Inspiration_Klassismus_Featured_Image-1-529x310.jpg",529,310,true]},"post_excerpt_stackable":"<p>Klassizismus: Wo kommt er her, wer hat den Stil gepr\u00e4gt, welche Bedeutung hat er f\u00fcr Architektur und Design? Erfahre mehr dazu in unserem Blogartikel!<\/p>\n","category_list":"<a href=\"https:\/\/de.mycs.com\/blog\/inspiration-de\/\" rel=\"category tag\">Inspiration<\/a>","comments_num":"0 comments","modified_by":"Emilyne Van der Beken","_links":{"self":[{"href":"https:\/\/de.mycs.com\/blog\/wp-json\/wp\/v2\/posts\/31151"}],"collection":[{"href":"https:\/\/de.mycs.com\/blog\/wp-json\/wp\/v2\/posts"}],"about":[{"href":"https:\/\/de.mycs.com\/blog\/wp-json\/wp\/v2\/types\/post"}],"author":[{"embeddable":true,"href":"https:\/\/de.mycs.com\/blog\/wp-json\/wp\/v2\/users\/36"}],"replies":[{"embeddable":true,"href":"https:\/\/de.mycs.com\/blog\/wp-json\/wp\/v2\/comments?post=31151"}],"version-history":[{"count":4,"href":"https:\/\/de.mycs.com\/blog\/wp-json\/wp\/v2\/posts\/31151\/revisions"}],"predecessor-version":[{"id":31161,"href":"https:\/\/de.mycs.com\/blog\/wp-json\/wp\/v2\/posts\/31151\/revisions\/31161"}],"wp:featuredmedia":[{"embeddable":true,"href":"https:\/\/de.mycs.com\/blog\/wp-json\/wp\/v2\/media\/31155"}],"wp:attachment":[{"href":"https:\/\/de.mycs.com\/blog\/wp-json\/wp\/v2\/media?parent=31151"}],"wp:term":[{"taxonomy":"category","embeddable":true,"href":"https:\/\/de.mycs.com\/blog\/wp-json\/wp\/v2\/categories?post=31151"},{"taxonomy":"post_tag","embeddable":true,"href":"https:\/\/de.mycs.com\/blog\/wp-json\/wp\/v2\/tags?post=31151"}],"curies":[{"name":"wp","href":"https:\/\/api.w.org\/{rel}","templated":true}]}}