{"id":31197,"date":"2023-10-19T09:16:30","date_gmt":"2023-10-19T07:16:30","guid":{"rendered":"https:\/\/de.mycs.com\/blog\/?p=31197"},"modified":"2023-10-19T09:16:50","modified_gmt":"2023-10-19T07:16:50","slug":"bauhaus-stil","status":"publish","type":"post","link":"https:\/\/de.mycs.com\/blog\/bauhaus-stil\/","title":{"rendered":"Bauhaus Stil: Was sollte man dr\u00fcber wissen?"},"content":{"rendered":"\n<p class=\"has-text-align-center\"><strong><em>Bauhaus Stil: Woher kommt er, was steckt dahinter, wer hat ihn gegr\u00fcndet? Wir beantworten all diese und noch mehr.<\/em><\/strong><\/p>\n\n\n\n<p class=\"has-drop-cap\">Die <a href=\"https:\/\/de.mycs.com\/blog\/designgeschichte\/\" target=\"_blank\" aria-label=\" (opens in a new tab)\" rel=\"noreferrer noopener\" class=\"ek-link\">Welt des Designs<\/a> und der Inneneinrichtung hat im Laufe der Jahrhunderte zahlreiche Str\u00f6mungen erlebt. Doch eine davon ragt besonders heraus &#8211; der Bauhaus Stil. Bevor wir uns jedoch eingehend mit dem Bauhaus befassen, lohnt sich ein R\u00fcckblick auf die Geschichte des Designs und der Inneneinrichtung.<\/p>\n\n\n\n<h2 class=\"wp-block-heading\">Die Geschichte des Designs und der Inneneinrichtung<\/h2>\n\n\n\n<p>Die Entwicklung des Designs ist eng mit dem Aufkommen der Industriellen Revolution im 18. Jahrhundert verkn\u00fcpft. Mit der Massenproduktion von G\u00fctern wurden \u00e4sthetische \u00dcberlegungen immer wichtiger. Im 19. Jahrhundert gab es einen R\u00fcckgriff auf klassische Stile, aber auch eine Hinwendung zum Jugendstil und der Arts-and-Crafts-Bewegung, die handgefertigte Kunst hervorhob.<\/p>\n\n\n\n<h2 class=\"wp-block-heading\">Was ist Bauhaus?<\/h2>\n\n\n\n<p>Das Bauhaus, das 1919 in Weimar, Deutschland, gegr\u00fcndet wurde, war eine radikale Abkehr von traditionellen Designans\u00e4tzen. Der Begriff &#8220;Bauhaus&#8221; kommt von den W\u00f6rtern &#8220;Bauen&#8221; und &#8220;Haus&#8221; und betonte die enge Verbindung von Kunst und Handwerk. Wichtige Pers\u00f6nlichkeiten, die das Bauhaus gepr\u00e4gt haben, sind Walter Gropius, der das Bauhaus gr\u00fcndete, und Lehrer wie Wassily Kandinsky, Paul Klee und Ludwig Mies van der Rohe.<\/p>\n\n\n\n<h2 class=\"wp-block-heading\">Walter Gropius: Der Gr\u00fcnder des Bauhaus<\/h2>\n\n\n\n<p>Eine Bewegung wie das Bauhaus braucht einen vision\u00e4ren Anf\u00fchrer, und diesen fand sie in Walter Gropius. Dieser deutsche Architekt und Designer ist der Gr\u00fcnder des Bauhaus und gilt als einer der einflussreichsten Pioniere des modernen Designs im 20. Jahrhundert.<\/p>\n\n\n\n<div class=\"wp-block-stackable-columns alignwide stk-block-columns stk-block stk-38e868d\" data-block-id=\"38e868d\"><style>.stk-38e868d .stk--block-align-38e868d{align-items:center !important}.stk-38e868d-column{justify-content:center !important}<\/style><div class=\"stk-row stk-inner-blocks stk--block-align-38e868d stk-block-content stk-content-align stk-38e868d-column stk--flex\">\n<div class=\"wp-block-stackable-column stk-block-column stk-column stk-block stk-402c8c8\" data-v=\"4\" data-block-id=\"402c8c8\"><style>.stk-402c8c8-inner-blocks{align-items:center !important;justify-content:center !important}@media screen and (min-width:768px){.stk-402c8c8{flex:1 1 calc(58.7% - var(--stk-column-gap,0px) * 1 \/ 2 ) !important}}<\/style><div class=\"stk-column-wrapper stk-block-column__content stk-container stk-402c8c8-container stk--no-background stk--no-padding\"><div class=\"stk--column-flex stk-block-content stk-inner-blocks stk-402c8c8-inner-blocks\">\n<figure class=\"wp-block-image size-full is-resized\"><img decoding=\"async\" loading=\"lazy\" width=\"454\" height=\"640\" src=\"https:\/\/de.mycs.com\/blog\/wp-content\/uploads\/2023\/10\/DE_Inspiration_Bauhaus_Inner_Image1.jpg\" alt=\"\" class=\"wp-image-31199\" style=\"object-fit:cover;width:400px;height:400px\" srcset=\"https:\/\/de.mycs.com\/blog\/wp-content\/uploads\/2023\/10\/DE_Inspiration_Bauhaus_Inner_Image1.jpg 454w, https:\/\/de.mycs.com\/blog\/wp-content\/uploads\/2023\/10\/DE_Inspiration_Bauhaus_Inner_Image1-106x150.jpg 106w\" sizes=\"(max-width: 454px) 100vw, 454px\" \/><\/figure>\n<\/div><\/div><\/div>\n\n\n\n<div class=\"wp-block-stackable-column stk-block-column stk-column stk-block stk-8b028f3\" data-v=\"4\" data-block-id=\"8b028f3\"><style>.stk-8b028f3{align-self:center !important}.stk-8b028f3-container{max-width:400px !important}@media screen and (min-width:768px){.stk-8b028f3{flex:1 1 calc(41.3% - var(--stk-column-gap,0px) * 1 \/ 2 ) !important}}<\/style><div class=\"stk-column-wrapper stk-block-column__content stk-container stk-8b028f3-container stk--no-background stk--no-padding\"><div class=\"stk-block-content stk-inner-blocks stk-8b028f3-inner-blocks\">\n<p>Geboren 1883 in Berlin, begann Gropius seine Karriere als Architekt und erwarb rasch einen Ruf f\u00fcr seine avantgardistischen Ideen. Er war von der Vorstellung beseelt, Kunst und Handwerk zu vereinen und moderne Designs zu schaffen, die nicht nur funktional, sondern auch \u00e4sthetisch ansprechend waren. Diese Vision f\u00fchrte schlie\u00dflich zur Gr\u00fcndung des Bauhaus im Jahr 1919 in Weimar, Deutschland.<\/p>\n<\/div><\/div><\/div>\n<\/div><\/div>\n\n\n\n<div class=\"wp-block-stackable-columns alignwide stk-block-columns stk-block stk-8707991\" data-block-id=\"8707991\"><style>.stk-8707991 .stk--block-align-8707991{align-items:center !important}.stk-8707991-column{justify-content:center !important}<\/style><div class=\"stk-row stk-inner-blocks stk--block-align-8707991 stk-block-content stk-content-align stk-8707991-column stk--flex\">\n<div class=\"wp-block-stackable-column stk-block-column stk-column stk-block stk-5b23782\" data-v=\"4\" data-block-id=\"5b23782\"><style>.stk-5b23782{align-self:center !important}.stk-5b23782-container{max-width:400px !important}@media screen and (min-width:768px){.stk-5b23782{flex:1 1 calc(41.3% - var(--stk-column-gap,0px) * 1 \/ 2 ) !important}}<\/style><div class=\"stk-column-wrapper stk-block-column__content stk-container stk-5b23782-container stk--no-background stk--no-padding\"><div class=\"stk-block-content stk-inner-blocks stk-5b23782-inner-blocks\">\n<p>Das Bauhaus war eine Schule, ein Designstudio und eine Bewegung in einem. Unter Gropius&#8217; Leitung wurden hier revolution\u00e4re Konzepte und Techniken entwickelt, die die Grundlage f\u00fcr das moderne Design bildeten. Form follows function wurde zum Leitmotiv, und die Idee, dass Design f\u00fcr die Massen erschwinglich und zug\u00e4nglich sein sollte, pr\u00e4gte das Bauhaus nachhaltig.<\/p>\n<\/div><\/div><\/div>\n\n\n\n<div class=\"wp-block-stackable-column stk-block-column stk-column stk-block stk-5ae91fc\" data-v=\"4\" data-block-id=\"5ae91fc\"><style>.stk-5ae91fc-inner-blocks{align-items:center !important;justify-content:center !important}@media screen and (min-width:768px){.stk-5ae91fc{flex:1 1 calc(58.7% - var(--stk-column-gap,0px) * 1 \/ 2 ) !important}}<\/style><div class=\"stk-column-wrapper stk-block-column__content stk-container stk-5ae91fc-container stk--no-background stk--no-padding\"><div class=\"stk--column-flex stk-block-content stk-inner-blocks stk-5ae91fc-inner-blocks\">\n<figure class=\"wp-block-image size-large is-resized\"><img decoding=\"async\" loading=\"lazy\" width=\"608\" height=\"456\" src=\"https:\/\/de.mycs.com\/blog\/wp-content\/uploads\/2023\/10\/DE_Inspiration_Bauhaus_Inner_Image2-608x456.jpg\" alt=\"\" class=\"wp-image-31200\" style=\"object-fit:cover;width:400px;height:400px\" srcset=\"https:\/\/de.mycs.com\/blog\/wp-content\/uploads\/2023\/10\/DE_Inspiration_Bauhaus_Inner_Image2-608x456.jpg 608w, https:\/\/de.mycs.com\/blog\/wp-content\/uploads\/2023\/10\/DE_Inspiration_Bauhaus_Inner_Image2-200x150.jpg 200w, https:\/\/de.mycs.com\/blog\/wp-content\/uploads\/2023\/10\/DE_Inspiration_Bauhaus_Inner_Image2-768x576.jpg 768w, https:\/\/de.mycs.com\/blog\/wp-content\/uploads\/2023\/10\/DE_Inspiration_Bauhaus_Inner_Image2-1536x1152.jpg 1536w, https:\/\/de.mycs.com\/blog\/wp-content\/uploads\/2023\/10\/DE_Inspiration_Bauhaus_Inner_Image2-2048x1536.jpg 2048w, https:\/\/de.mycs.com\/blog\/wp-content\/uploads\/2023\/10\/DE_Inspiration_Bauhaus_Inner_Image2-1080x810.jpg 1080w\" sizes=\"(max-width: 608px) 100vw, 608px\" \/><\/figure>\n<\/div><\/div><\/div>\n<\/div><\/div>\n\n\n\n<p>Walter Gropius verlie\u00df das Bauhaus 1928, aber seine Ideen und Prinzipien inspirierten weiterhin Generationen von Designern weltweit. Sein Verm\u00e4chtnis erstreckt sich \u00fcber die Grenzen Deutschlands hinaus und ist heute so lebendig und relevant wie eh und je. Im folgenden Kapitel werden wir genauer betrachten, wie Gropius&#8217; Ideen das Bauhaus gepr\u00e4gt haben und welchen Einfluss sie auf die Welt des Designs hatten.<\/p>\n\n\n\n<h2 class=\"wp-block-heading\">Bauhaus in der Inneneinrichtung und bei M\u00f6beln<\/h2>\n\n\n\n<div class=\"wp-block-stackable-columns alignwide stk-block-columns stk-block stk-2f0d471\" data-block-id=\"2f0d471\"><style>.stk-2f0d471 .stk--block-align-2f0d471{align-items:center !important}.stk-2f0d471-column{justify-content:center !important}<\/style><div class=\"stk-row stk-inner-blocks stk--block-align-2f0d471 stk-block-content stk-content-align stk-2f0d471-column stk--flex\">\n<div class=\"wp-block-stackable-column stk-block-column stk-column stk-block stk-e1cf0be\" data-v=\"4\" data-block-id=\"e1cf0be\"><style>.stk-e1cf0be{align-self:center !important}.stk-e1cf0be-inner-blocks{align-items:center !important;justify-content:center !important}.stk-e1cf0be-container{max-width:400px !important}@media screen and (min-width:768px){.stk-e1cf0be{flex:1 1 calc(58.7% - var(--stk-column-gap,0px) * 1 \/ 2 ) !important}}<\/style><div class=\"stk-column-wrapper stk-block-column__content stk-container stk-e1cf0be-container stk--no-background stk--no-padding\"><div class=\"stk--column-flex stk-block-content stk-inner-blocks stk-e1cf0be-inner-blocks\">\n<figure class=\"wp-block-image size-large is-resized\"><img decoding=\"async\" loading=\"lazy\" width=\"608\" height=\"912\" src=\"https:\/\/de.mycs.com\/blog\/wp-content\/uploads\/2023\/10\/DE_Inspiration_Bauhaus_Inner_Image3-608x912.jpg\" alt=\"\" class=\"wp-image-31201\" style=\"object-fit:cover;width:400px;height:400px\" srcset=\"https:\/\/de.mycs.com\/blog\/wp-content\/uploads\/2023\/10\/DE_Inspiration_Bauhaus_Inner_Image3-608x912.jpg 608w, https:\/\/de.mycs.com\/blog\/wp-content\/uploads\/2023\/10\/DE_Inspiration_Bauhaus_Inner_Image3-100x150.jpg 100w, https:\/\/de.mycs.com\/blog\/wp-content\/uploads\/2023\/10\/DE_Inspiration_Bauhaus_Inner_Image3.jpg 640w\" sizes=\"(max-width: 608px) 100vw, 608px\" \/><\/figure>\n<\/div><\/div><\/div>\n\n\n\n<div class=\"wp-block-stackable-column stk-block-column stk-column stk-block stk-475a4b2\" data-v=\"4\" data-block-id=\"475a4b2\"><style>.stk-475a4b2{align-self:center !important}.stk-475a4b2-container{max-width:400px !important}@media screen and (min-width:768px){.stk-475a4b2{flex:1 1 calc(41.3% - var(--stk-column-gap,0px) * 1 \/ 2 ) !important}}<\/style><div class=\"stk-column-wrapper stk-block-column__content stk-container stk-475a4b2-container stk--no-background stk--no-padding\"><div class=\"stk-block-content stk-inner-blocks stk-475a4b2-inner-blocks\">\n<p>Der Bauhaus Stil brachte ein neues Verst\u00e4ndnis f\u00fcr klare Linien, Funktionalit\u00e4t und minimalistisches Design. Dies zeigt sich in M\u00f6beln wie dem ber\u00fchmten Wassily Sessel, entworfen von Marcel Breuer. Dieser Stuhl ist ein Paradebeispiel f\u00fcr &#8220;Form folgt Funktion&#8221;, ein Schl\u00fcsselprinzip des Bauhaus Designs. Ein weiteres Beispiel ist der Barcelona Chair von Mies van der Rohe, der bis heute als ikonisches M\u00f6belst\u00fcck gilt.<\/p>\n<\/div><\/div><\/div>\n<\/div><\/div>\n\n\n\n<p><\/p>\n\n\n\n<h2 class=\"wp-block-heading\">Was folgte auf das Bauhaus?<\/h2>\n\n\n\n<p>Das Bauhaus hatte einen enormen Einfluss auf die Designwelt und beeinflusste Str\u00f6mungen wie den Internationalen Stil und den modernen <a href=\"https:\/\/de.mycs.com\/blog\/skandinavisch\/\" target=\"_blank\" aria-label=\" (opens in a new tab)\" rel=\"noreferrer noopener\" class=\"ek-link\">skandinavischen Designstil<\/a>. Der Minimalismus und die Betonung von Funktionalit\u00e4t und klaren Linien setzten sich fort und pr\u00e4gen noch heute das zeitgen\u00f6ssische Design.<\/p>\n\n\n\n<h2 class=\"wp-block-heading\">Vom Bauhaus inspiriert<\/h2>\n\n\n\n<p>Viele Designer und Architekten wurden vom Bauhaus inspiriert. Namen wie <a href=\"https:\/\/de.mycs.com\/blog\/charles-und-ray-eames\/\">Charles und Ray Eames<\/a>, die f\u00fcr ihre ikonischen Eames Lounge Chairs bekannt sind, zeigen die anhaltende Relevanz des Bauhaus Erbes.<\/p>\n\n\n\n<h2 class=\"wp-block-heading\">Die eigene Einrichtung vom Bauhaus inspirieren lassen<\/h2>\n\n\n\n<p>Der Bauhaus Stil kann f\u00fcr jeden interessant sein, der klare Linien, Funktionalit\u00e4t und minimalistisches Design sch\u00e4tzt. Es ist ein zeitloser Stil, der sich in unterschiedliche Einrichtungen integrieren l\u00e4sst.<\/p>\n\n\n\n<p>\u00dcbrigens kannst du bei <a href=\"http:\/\/mycs.com\" target=\"_blank\" rel=\"noopener\">MYCS individuell M\u00f6bel online konfigurieren<\/a> und so eine Harmonie mit M\u00f6beln, die vom Bauhaus inspiriert sind, gestalten. Im Konfigurator kannst du nach Herzenslust herumexperimentieren \u2013 wir versprechen dir: Das macht wirklich Spa\u00df und f\u00fchrt mitunter zu \u00fcberraschenden Ergebnissen!&nbsp;<\/p>\n\n\n\n<h2 class=\"wp-block-heading\">Fazit<\/h2>\n\n\n\n<p>Der Bauhaus Stil bleibt auch heute noch ein wichtiger Bezugspunkt f\u00fcr Designer und Liebhaber von zeitgem\u00e4\u00dfem Design. Seine Betonung von Funktionalit\u00e4t und klares Design macht ihn zeitlos und inspirierend f\u00fcr diejenigen, die eine moderne und funktionale Einrichtung sch\u00e4tzen.<\/p>\n\n\n\n<div style=\"height:31px\" aria-hidden=\"true\" class=\"wp-block-spacer\"><\/div>\n","protected":false},"excerpt":{"rendered":"<p>Bauhaus Stil: Woher kommt er, was steckt dahinter, wer hat ihn gegr\u00fcndet? Wir beantworten all diese und noch mehr Fragen. Jetzt mehr erfahren!<\/p>\n","protected":false},"author":36,"featured_media":31198,"comment_status":"closed","ping_status":"open","sticky":false,"template":"","format":"standard","meta":{"ub_ctt_via":"","_editorskit_title_hidden":false,"_editorskit_reading_time":0,"_editorskit_is_block_options_detached":false,"_editorskit_block_options_position":"{}","_eb_attr":"","_lmt_disableupdate":"","_lmt_disable":"","footnotes":""},"categories":[1409],"tags":[1367,1347],"featured_image_src":"https:\/\/de.mycs.com\/blog\/wp-content\/uploads\/2023\/10\/DE_Inspiration_Bauhaus_Featured_Image.jpg","author_info":{"name":"Die MYCS-Redaktion","url":"https:\/\/de.mycs.com\/blog\/author\/redak\/"},"featured_image_urls":{"full":["https:\/\/de.mycs.com\/blog\/wp-content\/uploads\/2023\/10\/DE_Inspiration_Bauhaus_Featured_Image.jpg",1213,900,false],"thumbnail":["https:\/\/de.mycs.com\/blog\/wp-content\/uploads\/2023\/10\/DE_Inspiration_Bauhaus_Featured_Image-80x80.jpg",80,80,true],"medium":["https:\/\/de.mycs.com\/blog\/wp-content\/uploads\/2023\/10\/DE_Inspiration_Bauhaus_Featured_Image-202x150.jpg",202,150,true],"medium_large":["https:\/\/de.mycs.com\/blog\/wp-content\/uploads\/2023\/10\/DE_Inspiration_Bauhaus_Featured_Image-768x570.jpg",768,570,true],"large":["https:\/\/de.mycs.com\/blog\/wp-content\/uploads\/2023\/10\/DE_Inspiration_Bauhaus_Featured_Image-608x451.jpg",608,451,true],"1536x1536":["https:\/\/de.mycs.com\/blog\/wp-content\/uploads\/2023\/10\/DE_Inspiration_Bauhaus_Featured_Image.jpg",1213,900,false],"2048x2048":["https:\/\/de.mycs.com\/blog\/wp-content\/uploads\/2023\/10\/DE_Inspiration_Bauhaus_Featured_Image.jpg",1213,900,false],"post-thumbnail":["https:\/\/de.mycs.com\/blog\/wp-content\/uploads\/2023\/10\/DE_Inspiration_Bauhaus_Featured_Image-1080x801.jpg",1080,801,true],"slider-image":["https:\/\/de.mycs.com\/blog\/wp-content\/uploads\/2023\/10\/DE_Inspiration_Bauhaus_Featured_Image-1080x500.jpg",1080,500,true],"brnhmbx-metz-slider-thumbnail-image":["https:\/\/de.mycs.com\/blog\/wp-content\/uploads\/2023\/10\/DE_Inspiration_Bauhaus_Featured_Image-150x100.jpg",150,100,true],"related-thumbnail":["https:\/\/de.mycs.com\/blog\/wp-content\/uploads\/2023\/10\/DE_Inspiration_Bauhaus_Featured_Image-600x400.jpg",600,400,true],"page-navigation-thumbnail":["https:\/\/de.mycs.com\/blog\/wp-content\/uploads\/2023\/10\/DE_Inspiration_Bauhaus_Featured_Image-80x80.jpg",80,80,true],"home-thumbnail":["https:\/\/de.mycs.com\/blog\/wp-content\/uploads\/2023\/10\/DE_Inspiration_Bauhaus_Featured_Image-720x310.jpg",720,310,true]},"post_excerpt_stackable":"<p>Bauhaus Stil: Woher kommt er, was steckt dahinter, wer hat ihn gegr\u00fcndet? Wir beantworten all diese und noch mehr Fragen. Jetzt mehr erfahren!<\/p>\n","category_list":"<a href=\"https:\/\/de.mycs.com\/blog\/inspiration-de\/\" rel=\"category tag\">Inspiration<\/a>","comments_num":"0 comments","modified_by":"Emilyne Van der Beken","_links":{"self":[{"href":"https:\/\/de.mycs.com\/blog\/wp-json\/wp\/v2\/posts\/31197"}],"collection":[{"href":"https:\/\/de.mycs.com\/blog\/wp-json\/wp\/v2\/posts"}],"about":[{"href":"https:\/\/de.mycs.com\/blog\/wp-json\/wp\/v2\/types\/post"}],"author":[{"embeddable":true,"href":"https:\/\/de.mycs.com\/blog\/wp-json\/wp\/v2\/users\/36"}],"replies":[{"embeddable":true,"href":"https:\/\/de.mycs.com\/blog\/wp-json\/wp\/v2\/comments?post=31197"}],"version-history":[{"count":2,"href":"https:\/\/de.mycs.com\/blog\/wp-json\/wp\/v2\/posts\/31197\/revisions"}],"predecessor-version":[{"id":31203,"href":"https:\/\/de.mycs.com\/blog\/wp-json\/wp\/v2\/posts\/31197\/revisions\/31203"}],"wp:featuredmedia":[{"embeddable":true,"href":"https:\/\/de.mycs.com\/blog\/wp-json\/wp\/v2\/media\/31198"}],"wp:attachment":[{"href":"https:\/\/de.mycs.com\/blog\/wp-json\/wp\/v2\/media?parent=31197"}],"wp:term":[{"taxonomy":"category","embeddable":true,"href":"https:\/\/de.mycs.com\/blog\/wp-json\/wp\/v2\/categories?post=31197"},{"taxonomy":"post_tag","embeddable":true,"href":"https:\/\/de.mycs.com\/blog\/wp-json\/wp\/v2\/tags?post=31197"}],"curies":[{"name":"wp","href":"https:\/\/api.w.org\/{rel}","templated":true}]}}