{"id":31220,"date":"2023-10-30T10:41:50","date_gmt":"2023-10-30T09:41:50","guid":{"rendered":"https:\/\/de.mycs.com\/blog\/?p=31220"},"modified":"2023-10-30T10:43:27","modified_gmt":"2023-10-30T09:43:27","slug":"rokoko","status":"publish","type":"post","link":"https:\/\/de.mycs.com\/blog\/rokoko\/","title":{"rendered":"Rokoko Stil: Was ist das?"},"content":{"rendered":"\n<p>Bist du bereit f\u00fcr eine Reise in die prunkvolle Welt des Rokoko Stils? Dieser einzigartige Designansatz, der im 18. Jahrhundert seinen H\u00f6hepunkt erreichte, zeichnet sich durch opulente \u00c4sthetik und verspielte Eleganz aus. Begleite mich auf einer Tour durch das Rokoko und entdecke, warum der Begriff Rokoko auch heute noch inspirierend ist.<\/p>\n\n\n\n<h2 class=\"wp-block-heading\">Die Epoche des Rokoko: Ein Hauch von Luxus<\/h2>\n\n\n\n<p>Die Rokoko Epoche, auch als &#8220;Sp\u00e4tbarock&#8221; bekannt, bl\u00fchte in der Mitte des 18. Jahrhunderts in Europa auf. Diese Epoche folgte auf das schwere und majest\u00e4tische Barock und war gepr\u00e4gt von einer leichteren und verspielteren \u00c4sthetik. Die Menschen sehnten sich nach einer \u00c4nderung und fanden sie im Rokoko.&nbsp;<\/p>\n\n\n\n<h2 class=\"wp-block-heading\">Ber\u00fchmte Rokoko-Pers\u00f6nlichkeiten und ihre M\u00f6bel<\/h2>\n\n\n\n\n\n<p><\/p>\n\n\n\n<div class=\"wp-block-stackable-columns alignwide stk-block-columns stk-block stk-38e868d\" data-block-id=\"38e868d\"><style>.stk-38e868d .stk--block-align-38e868d{align-items:center !important}.stk-38e868d-column{justify-content:center !important}<\/style><div class=\"stk-row stk-inner-blocks stk--block-align-38e868d stk-block-content stk-content-align stk-38e868d-column stk--flex\">\n<div class=\"wp-block-stackable-column stk-block-column stk-column stk-block stk-402c8c8\" data-v=\"4\" data-block-id=\"402c8c8\"><style>.stk-402c8c8-inner-blocks{align-items:center !important;justify-content:center !important}@media screen and (min-width:768px){.stk-402c8c8{flex:1 1 calc(58.7% - var(--stk-column-gap,0px) * 1 \/ 2 ) !important}}<\/style><div class=\"stk-column-wrapper stk-block-column__content stk-container stk-402c8c8-container stk--no-background stk--no-padding\"><div class=\"stk--column-flex stk-block-content stk-inner-blocks stk-402c8c8-inner-blocks\">\n<figure class=\"wp-block-image size-full is-resized\"><img decoding=\"async\" loading=\"lazy\" width=\"513\" height=\"640\" src=\"https:\/\/de.mycs.com\/blog\/wp-content\/uploads\/2023\/10\/DE_Inspiration_Rokoko_Inner_Image1.jpg\" alt=\"Carle Vanloo, La Marquise de Pompadour en jardini\u00e8re (vers 1754\u20131755)\" class=\"wp-image-31224\" style=\"object-fit:cover;width:400px;height:400px\" srcset=\"https:\/\/de.mycs.com\/blog\/wp-content\/uploads\/2023\/10\/DE_Inspiration_Rokoko_Inner_Image1.jpg 513w, https:\/\/de.mycs.com\/blog\/wp-content\/uploads\/2023\/10\/DE_Inspiration_Rokoko_Inner_Image1-120x150.jpg 120w\" sizes=\"(max-width: 513px) 100vw, 513px\" \/><\/figure>\n<\/div><\/div><\/div>\n\n\n\n<div class=\"wp-block-stackable-column stk-block-column stk-column stk-block stk-8b028f3\" data-v=\"4\" data-block-id=\"8b028f3\"><style>.stk-8b028f3{align-self:center !important}.stk-8b028f3-container{max-width:400px !important}@media screen and (min-width:768px){.stk-8b028f3{flex:1 1 calc(41.3% - var(--stk-column-gap,0px) * 1 \/ 2 ) !important}}<\/style><div class=\"stk-column-wrapper stk-block-column__content stk-container stk-8b028f3-container stk--no-background stk--no-padding\"><div class=\"stk-block-content stk-inner-blocks stk-8b028f3-inner-blocks\">\n<p>Ber\u00fchmte Pers\u00f6nlichkeiten dieser Zeit des Rokoko waren nicht nur Ludwig XIV., sondern auch Marie Antoinette und Madame de Pompadour. Diese Damen waren nicht nur f\u00fcr ihre einflussreichen gesellschaftlichen Positionen bekannt, sondern auch f\u00fcr ihren Einfluss auf die Mode und die Inneneinrichtung.\u00a0<\/p>\n<\/div><\/div><\/div>\n<\/div><\/div>\n\n\n\n<p>Die M\u00f6bel der Rokoko Epoche waren von opulenten Verzierungen, sanften Kurven und hellen Farben gepr\u00e4gt. Polsterm\u00f6bel, wie der ber\u00fchmte Rokoko-Sessel, hatten geschwungene Formen und aufwendige Schnitzereien.&nbsp;<\/p>\n\n\n\n<h2 class=\"wp-block-heading\">Ber\u00fchmte Designer und der Rokoko Stil<\/h2>\n\n\n\n<p>Der Rokoko Stil hat im Laufe der Jahrhunderte immer wieder Designer inspiriert, die seine verspielte Eleganz und Opulenz neu interpretiert haben. Ein herausragendes Beispiel ist Philippe Starck, ein zeitgen\u00f6ssischer Designer, der bekannt ist f\u00fcr seine Neuinterpretationen klassischer Stile. In seinem Werk finden sich oft raffinierte Rokoko-Elemente, die er mit modernen Designs kombiniert, um einzigartige M\u00f6bel und Inneneinrichtungen zu schaffen.<\/p>\n\n\n\n<p>Ein weiterer bemerkenswerter Designer, der sich vom Rokoko Stil inspirieren lie\u00df, ist Karim Rashid. Rashid ist bekannt f\u00fcr seine futuristischen und farbenfrohen Designs, aber er integriert auch oft Rokoko-Elemente in seine Arbeit. Seine M\u00f6bel sind eine gelungene Mischung aus klassischer Eleganz und modernem Minimalismus.<\/p>\n\n\n\n<h2 class=\"wp-block-heading\">Rokoko M\u00f6bel: Merkmale und Eigenheiten<\/h2>\n\n\n\n<p>Der Rokoko Stil zeichnet sich durch seine charakteristischen M\u00f6bel aus, die sowohl kunstvoll als auch funktional sind. Einige der typischen Rokoko-M\u00f6bel sind:<\/p>\n\n\n\n<h3 class=\"wp-block-heading\">1. Rokoko-Sessel:<\/h3>\n\n\n\n<p><\/p>\n\n\n\n<div class=\"wp-block-stackable-columns alignwide stk-block-columns stk-block stk-8707991\" data-block-id=\"8707991\"><style>.stk-8707991 .stk--block-align-8707991{align-items:center !important}.stk-8707991-column{justify-content:center !important}<\/style><div class=\"stk-row stk-inner-blocks stk--block-align-8707991 stk-block-content stk-content-align stk-8707991-column stk--flex\">\n<div class=\"wp-block-stackable-column stk-block-column stk-column stk-block stk-5b23782\" data-v=\"4\" data-block-id=\"5b23782\"><style>.stk-5b23782{align-self:center !important}.stk-5b23782-container{max-width:400px !important}@media screen and (min-width:768px){.stk-5b23782{flex:1 1 calc(41.3% - var(--stk-column-gap,0px) * 1 \/ 2 ) !important}}<\/style><div class=\"stk-column-wrapper stk-block-column__content stk-container stk-5b23782-container stk--no-background stk--no-padding\"><div class=\"stk-block-content stk-inner-blocks stk-5b23782-inner-blocks\">\n<p>Diese Sessel sind f\u00fcr ihre geschwungenen Formen und aufwendigen Schnitzereien bekannt. Sie sind oft mit Polstern in hellen Farben wie Creme oder Pastell \u00fcberzogen und verleihen jedem Raum eine elegante Note.<\/p>\n<\/div><\/div><\/div>\n\n\n\n<div class=\"wp-block-stackable-column stk-block-column stk-column stk-block stk-5ae91fc\" data-v=\"4\" data-block-id=\"5ae91fc\"><style>.stk-5ae91fc-inner-blocks{align-items:center !important;justify-content:center !important}@media screen and (min-width:768px){.stk-5ae91fc{flex:1 1 calc(58.7% - var(--stk-column-gap,0px) * 1 \/ 2 ) !important}}<\/style><div class=\"stk-column-wrapper stk-block-column__content stk-container stk-5ae91fc-container stk--no-background stk--no-padding\"><div class=\"stk--column-flex stk-block-content stk-inner-blocks stk-5ae91fc-inner-blocks\"><div class=\"wp-block-image\">\n<figure class=\"aligncenter size-full is-resized\"><img decoding=\"async\" loading=\"lazy\" width=\"512\" height=\"640\" src=\"https:\/\/de.mycs.com\/blog\/wp-content\/uploads\/2023\/10\/DE_Inspiration_Rokoko_Inner_Image2.jpg\" alt=\"Ein verzierter Sessel mit blassblauer Sitzfl\u00e4che im Stil des Rokoko. \" class=\"wp-image-31223\" style=\"object-fit:cover;width:400px;height:400px\" srcset=\"https:\/\/de.mycs.com\/blog\/wp-content\/uploads\/2023\/10\/DE_Inspiration_Rokoko_Inner_Image2.jpg 512w, https:\/\/de.mycs.com\/blog\/wp-content\/uploads\/2023\/10\/DE_Inspiration_Rokoko_Inner_Image2-120x150.jpg 120w\" sizes=\"(max-width: 512px) 100vw, 512px\" \/><figcaption class=\"wp-element-caption\">\u00a9 Hallwylska museet via Picryl.com<\/figcaption><\/figure><\/div><\/div><\/div><\/div>\n<\/div><\/div>\n\n\n\n<h3 class=\"wp-block-heading\">2. Rokoko-Kommoden: <\/h3>\n\n\n\n<p>Diese pr\u00e4chtigen Kommoden sind mit kunstvollen Verzierungen und Schnitzereien verziert. Sie bieten nicht nur Stauraum, sondern sind auch echte Schmuckst\u00fccke.<\/p>\n\n\n\n<h3 class=\"wp-block-heading\">3. Rokoko-Spiegel: <\/h3>\n\n\n\n<div class=\"wp-block-stackable-columns alignwide stk-block-columns stk-block stk-06ff273\" data-block-id=\"06ff273\"><style>.stk-06ff273 .stk--block-align-06ff273{align-items:center !important}.stk-06ff273-column{justify-content:center !important}<\/style><div class=\"stk-row stk-inner-blocks stk--block-align-06ff273 stk-block-content stk-content-align stk-06ff273-column stk--flex\">\n<div class=\"wp-block-stackable-column stk-block-column stk-column stk-block stk-865429d\" data-v=\"4\" data-block-id=\"865429d\"><style>.stk-865429d-inner-blocks{align-items:center !important;justify-content:center !important}@media screen and (min-width:768px){.stk-865429d{flex:1 1 calc(58.7% - var(--stk-column-gap,0px) * 1 \/ 2 ) !important}}<\/style><div class=\"stk-column-wrapper stk-block-column__content stk-container stk-865429d-container stk--no-background stk--no-padding\"><div class=\"stk--column-flex stk-block-content stk-inner-blocks stk-865429d-inner-blocks\">\n<figure class=\"wp-block-image size-full is-resized caption-align-center\"><img decoding=\"async\" loading=\"lazy\" width=\"512\" height=\"783\" src=\"https:\/\/de.mycs.com\/blog\/wp-content\/uploads\/2023\/10\/DE_Inspiration_Rokoko_Inner_Image3.jpg\" alt=\"Schloss Versailles, Gem\u00e4cher der Dauphine, gro\u00dfer Rokoko-Spiegel. \" class=\"wp-image-31222\" style=\"object-fit:cover;width:400px;height:400px\" srcset=\"https:\/\/de.mycs.com\/blog\/wp-content\/uploads\/2023\/10\/DE_Inspiration_Rokoko_Inner_Image3.jpg 512w, https:\/\/de.mycs.com\/blog\/wp-content\/uploads\/2023\/10\/DE_Inspiration_Rokoko_Inner_Image3-98x150.jpg 98w\" sizes=\"(max-width: 512px) 100vw, 512px\" \/><figcaption class=\"wp-element-caption\">Coyau\u00a0\/\u00a0Wikimedia Commons<\/figcaption><\/figure>\n<\/div><\/div><\/div>\n\n\n\n<div class=\"wp-block-stackable-column stk-block-column stk-column stk-block stk-e0b7f47\" data-v=\"4\" data-block-id=\"e0b7f47\"><style>.stk-e0b7f47{align-self:center !important}.stk-e0b7f47-container{max-width:400px !important}@media screen and (min-width:768px){.stk-e0b7f47{flex:1 1 calc(41.3% - var(--stk-column-gap,0px) * 1 \/ 2 ) !important}}<\/style><div class=\"stk-column-wrapper stk-block-column__content stk-container stk-e0b7f47-container stk--no-background stk--no-padding\"><div class=\"stk-block-content stk-inner-blocks stk-e0b7f47-inner-blocks\">\n<p>Rokoko-Spiegel sind oft gro\u00df und von dekorativen Rahmen umgeben. Sie sind ein zentrales Element des Rokoko Stils und k\u00f6nnen einen Raum heller und ger\u00e4umiger erscheinen lassen.<\/p>\n<\/div><\/div><\/div>\n<\/div><\/div>\n\n\n\n<h3 class=\"wp-block-heading\">4. Rokoko-Bett: <\/h3>\n\n\n\n<p>Ein Rokoko-Bett ist ein wahrer Blickfang im Schlafzimmer. Es verf\u00fcgt \u00fcber geschwungene Kopf- und Fu\u00dfteile sowie aufwendige Verzierungen. Ein solches Bett wird oft von einem Baldachin gekr\u00f6nt, der dem Raum eine majest\u00e4tische Atmosph\u00e4re verleiht.<\/p>\n\n\n\n<p>Die M\u00f6bel des Rokoko sind nicht nur kunstvoll, sondern auch \u00e4u\u00dferst komfortabel. Dies ist ein weiterer Grund, warum dieser Stil auch heute noch bewundert und nachgeahmt wird. Designer und Liebhaber des Rokoko sch\u00e4tzen die Kombination aus opulenter \u00c4sthetik und Funktionalit\u00e4t, die diese M\u00f6bel bieten.<\/p>\n\n\n\n<h2 class=\"wp-block-heading\">Wie viel Rokoko steckt in dir?<\/h2>\n\n\n\n<p>Aber wie kann man den Rokoko Stil heute in seine Einrichtung integrieren? Nun, es geht nicht darum, das gesamte Zuhause in einen barocken Palast zu verwandeln. Stattdessen kann man Rokoko-Elemente geschickt mit modernem Design kombinieren.&nbsp;<\/p>\n\n\n\n<p>Ein eleganter Rokoko-Spiegel kann einen modernen Raum aufwerten, und ein Sessel im Rokoko-Stil kann einen Hauch von Nostalgie in dein Wohnzimmer bringen. Die Verwendung von pastellfarbenen Akzenten und verspielten Details kann ebenfalls einen subtilen Rokoko-Touch verleihen.<\/p>\n\n\n\n<h2 class=\"wp-block-heading\">Entdecke den Rokoko in dir bei MYCS<\/h2>\n\n\n\n<p>Bei MYCS bieten wir dir die M\u00f6glichkeit, M\u00f6bel nach deinen eigenen Vorstellungen zu gestalten. Ob du nun einen Hauch von Rokoko in dein Zuhause bringen oder ein v\u00f6llig neues, individuelles Design schaffen m\u00f6chtest, unsere Konfiguratoren erm\u00f6glichen es dir. Du kannst Materialien, Farben und Formen nach deinem eigenen Stil w\u00e4hlen. Und wir versprechen: In unserem <a href=\"http:\/\/mycs.com\" target=\"_blank\" rel=\"noopener\">Konfigurator wirst du richtig Spa\u00df haben<\/a>! Wir beraten dich \u00fcbrigens auch pers\u00f6nlich in unseren <a href=\"http:\/\/mycs.com\/store\" target=\"_blank\" rel=\"noopener\">MYCS Showrooms<\/a>.&nbsp;<\/p>\n\n\n\n<h2 class=\"wp-block-heading\">Fazit: Der Rokoko Stil lebt!<\/h2>\n\n\n\n<p>Der Rokoko Stil mag aus einer vergangenen Epoche stammen, aber seine Eleganz und sein Luxus sind zeitlos. Ein Hauch von Rokoko kann jeden Raum aufwerten und eine Br\u00fccke zwischen Vergangenheit und Gegenwart schlagen. Lass dich von diesem opulenten Stil inspirieren und schaffe ein Zuhause, das deiner Pers\u00f6nlichkeit und deinem Geschmack entspricht.<\/p>\n\n\n\n<div style=\"height:31px\" aria-hidden=\"true\" class=\"wp-block-spacer\"><\/div>\n","protected":false},"excerpt":{"rendered":"<p>Rokoko Stil: Wir informieren dich \u00fcber den Stil, seine Besonderheiten und kl\u00e4ren, wie viel Rokoko in dir steckt: Erfahre mehr im Artikel!<\/p>\n","protected":false},"author":36,"featured_media":31221,"comment_status":"closed","ping_status":"open","sticky":false,"template":"","format":"standard","meta":{"ub_ctt_via":"","_editorskit_title_hidden":false,"_editorskit_reading_time":0,"_editorskit_is_block_options_detached":false,"_editorskit_block_options_position":"{}","_eb_attr":"","_lmt_disableupdate":"","_lmt_disable":"","footnotes":""},"categories":[1409],"tags":[1371,1347],"featured_image_src":"https:\/\/de.mycs.com\/blog\/wp-content\/uploads\/2023\/10\/DE_Inspiration_Rokoko_Featured_Image.jpg","author_info":{"name":"Die MYCS-Redaktion","url":"https:\/\/de.mycs.com\/blog\/author\/redak\/"},"featured_image_urls":{"full":["https:\/\/de.mycs.com\/blog\/wp-content\/uploads\/2023\/10\/DE_Inspiration_Rokoko_Featured_Image.jpg",1024,768,false],"thumbnail":["https:\/\/de.mycs.com\/blog\/wp-content\/uploads\/2023\/10\/DE_Inspiration_Rokoko_Featured_Image-80x80.jpg",80,80,true],"medium":["https:\/\/de.mycs.com\/blog\/wp-content\/uploads\/2023\/10\/DE_Inspiration_Rokoko_Featured_Image-200x150.jpg",200,150,true],"medium_large":["https:\/\/de.mycs.com\/blog\/wp-content\/uploads\/2023\/10\/DE_Inspiration_Rokoko_Featured_Image-768x576.jpg",768,576,true],"large":["https:\/\/de.mycs.com\/blog\/wp-content\/uploads\/2023\/10\/DE_Inspiration_Rokoko_Featured_Image-608x456.jpg",608,456,true],"1536x1536":["https:\/\/de.mycs.com\/blog\/wp-content\/uploads\/2023\/10\/DE_Inspiration_Rokoko_Featured_Image.jpg",1024,768,false],"2048x2048":["https:\/\/de.mycs.com\/blog\/wp-content\/uploads\/2023\/10\/DE_Inspiration_Rokoko_Featured_Image.jpg",1024,768,false],"post-thumbnail":["https:\/\/de.mycs.com\/blog\/wp-content\/uploads\/2023\/10\/DE_Inspiration_Rokoko_Featured_Image.jpg",1024,768,false],"slider-image":["https:\/\/de.mycs.com\/blog\/wp-content\/uploads\/2023\/10\/DE_Inspiration_Rokoko_Featured_Image-1024x500.jpg",1024,500,true],"brnhmbx-metz-slider-thumbnail-image":["https:\/\/de.mycs.com\/blog\/wp-content\/uploads\/2023\/10\/DE_Inspiration_Rokoko_Featured_Image-150x100.jpg",150,100,true],"related-thumbnail":["https:\/\/de.mycs.com\/blog\/wp-content\/uploads\/2023\/10\/DE_Inspiration_Rokoko_Featured_Image-600x400.jpg",600,400,true],"page-navigation-thumbnail":["https:\/\/de.mycs.com\/blog\/wp-content\/uploads\/2023\/10\/DE_Inspiration_Rokoko_Featured_Image-80x80.jpg",80,80,true],"home-thumbnail":["https:\/\/de.mycs.com\/blog\/wp-content\/uploads\/2023\/10\/DE_Inspiration_Rokoko_Featured_Image-720x310.jpg",720,310,true]},"post_excerpt_stackable":"<p>Rokoko Stil: Wir informieren dich \u00fcber den Stil, seine Besonderheiten und kl\u00e4ren, wie viel Rokoko in dir steckt: Erfahre mehr im Artikel!<\/p>\n","category_list":"<a href=\"https:\/\/de.mycs.com\/blog\/inspiration-de\/\" rel=\"category tag\">Inspiration<\/a>","comments_num":"0 comments","modified_by":"Emilyne Van der Beken","_links":{"self":[{"href":"https:\/\/de.mycs.com\/blog\/wp-json\/wp\/v2\/posts\/31220"}],"collection":[{"href":"https:\/\/de.mycs.com\/blog\/wp-json\/wp\/v2\/posts"}],"about":[{"href":"https:\/\/de.mycs.com\/blog\/wp-json\/wp\/v2\/types\/post"}],"author":[{"embeddable":true,"href":"https:\/\/de.mycs.com\/blog\/wp-json\/wp\/v2\/users\/36"}],"replies":[{"embeddable":true,"href":"https:\/\/de.mycs.com\/blog\/wp-json\/wp\/v2\/comments?post=31220"}],"version-history":[{"count":1,"href":"https:\/\/de.mycs.com\/blog\/wp-json\/wp\/v2\/posts\/31220\/revisions"}],"predecessor-version":[{"id":31225,"href":"https:\/\/de.mycs.com\/blog\/wp-json\/wp\/v2\/posts\/31220\/revisions\/31225"}],"wp:featuredmedia":[{"embeddable":true,"href":"https:\/\/de.mycs.com\/blog\/wp-json\/wp\/v2\/media\/31221"}],"wp:attachment":[{"href":"https:\/\/de.mycs.com\/blog\/wp-json\/wp\/v2\/media?parent=31220"}],"wp:term":[{"taxonomy":"category","embeddable":true,"href":"https:\/\/de.mycs.com\/blog\/wp-json\/wp\/v2\/categories?post=31220"},{"taxonomy":"post_tag","embeddable":true,"href":"https:\/\/de.mycs.com\/blog\/wp-json\/wp\/v2\/tags?post=31220"}],"curies":[{"name":"wp","href":"https:\/\/api.w.org\/{rel}","templated":true}]}}